{"id":15894,"date":"2011-01-29T15:09:28","date_gmt":"2011-01-29T14:09:28","guid":{"rendered":"http:\/\/df-nyt.dk\/?p=15894"},"modified":"2025-07-17T19:41:17","modified_gmt":"2025-07-17T17:41:17","slug":"nar-den-sociale-virkelighed-ikke-er-sa-kon","status":"publish","type":"post","link":"https:\/\/df-nyt.dk\/blog\/nar-den-sociale-virkelighed-ikke-er-sa-kon\/","title":{"rendered":"N\u00e5r den sociale virkelighed ikke er s\u00e5 k\u00f8n"},"content":{"rendered":"<p><img loading=\"lazy\" decoding=\"async\" class=\"alignleft size-full \" title=\"290120111505\" src=\"https:\/\/df-nyt.dk\/\/wp-content\/uploads\/290120111505.png\" alt=\"\" width=\"270\" height=\"193\" \/><\/p>\n<p>KOMMENTAR -S\u00e5 tager vi den lige \u00e9n gang til.<br \/>\nIkke for Prins Knud \u2013 men for Masoum Moradi, Henrik Nielsen og Curt S\u00f8rensen.<\/p>\n<p>De tre har i kor p\u00e5 det seneste byr\u00e5dsm\u00f8de beskyldt Svendborgs NetAvis for at bringe en fejlagtig oplysning.<\/p>\n<p>En alvorlig \u00e9n af slagsen.<br \/>\nDet vil med andre ord sige, de har beskyldt netavisen for at lyve.<\/p>\n<p>Masoum Moradi gjorde det i et skingert tonefald, der var en bedre sag v\u00e6rdig.<\/p>\n<p>De to andre var ikke oppe i Moradis toneleje \u2013 men de fremf\u00f8rte den samme p\u00e5stand som Moradi<\/p>\n<p>Det kan netavisen ikke have siddende p\u00e5 sig.<br \/>\nDerfor 1. Netavisen lyver ikke.<\/p>\n<p>2. Kommer vi uforvarende til at bringe fejlagtige oplysninger, s\u00e5 bliver de rettet.<\/p>\n<p>Den oplysning, som de tre byr\u00e5dspolitikere mener er forkert \u2013 er ikke forkert.<br \/>\nDet er til geng\u00e6ld en oplysning, som de tre politikere m\u00e5ske ikke bryder sig om at h\u00f8re \u2013 og slet ikke bryder sig om, at andre h\u00f8rer.<\/p>\n<p>Med andre ord en ubehagelig sandhed. Og det er jo noget helt andet.<br \/>\nOm end man ikke skulle tro det muligt, s\u00e5 er det efter byr\u00e5dsm\u00f8det lykkedes Masoum Moradi at skrue sig selv op i et endnu mere skingert toneleje \u2013 p\u00e5 skrift i debatten her p\u00e5 netavisen.<\/p>\n<p>Netavisen beskyldes af Moradi for at lave konstrueret journalistik og for at lave journalistik som den, man lavede i Land &amp; Folk og Sovjetunionen, og som man nu laver i Egypten og Iran.<\/p>\n<p>Hvad det s\u00e5 har med sagen at g\u00f8re -Skriver Frede Jakobsen d. jan 29, 2011 p\u00e5 \/\/svendborgsnetavis.dk \/en-gang-til-for-curt-henrik-og-masoum\/Svendborg_NetAvis <\/p>\n<p>-Og det kan han jo have ganske ret i -for sagen handler om at man m\u00e5ske ikke bryder sig om -og ikke \u00f8nsker andre skal se \u2013tal, der viser hvor lidt, kommunen mener folk p\u00e5 kontanthj\u00e6lp skal kunne klare sig for i velf\u00e6rds-Svendborg.<br \/>\nDer n\u00e6vnes et eksempel p\u00e5, 45 kroner og 88 \u00f8re om dagen  <\/p>\n<p>Reference<br \/>\n\/\/svendborgsnetavis.dk \/en-gang-til<br \/>\n\/\/svendborgsnetavis.dk\/en-gang-til-for-curt-henrik-og-masoum\/&#8221;<br \/>\n&nbsp;<\/p>\n","protected":false},"excerpt":{"rendered":"<p>KOMMENTAR -S\u00e5 tager vi den lige \u00e9n gang til. Ikke for Prins Knud \u2013 men for Masoum Moradi, Henrik Nielsen og Curt S\u00f8rensen. De tre har i kor p\u00e5 det seneste byr\u00e5dsm\u00f8de beskyldt Svendborgs NetAvis for at bringe en fejlagtig oplysning. En alvorlig \u00e9n af slagsen. Det vil med andre ord sige, de har beskyldt [&hellip;]<\/p>\n","protected":false},"author":10,"featured_media":0,"comment_status":"open","ping_status":"closed","sticky":false,"template":"","format":"standard","meta":{"footnotes":""},"categories":[1],"tags":[],"class_list":["post-15894","post","type-post","status-publish","format-standard","hentry","category-df-nyt-dk"],"_links":{"self":[{"href":"https:\/\/df-nyt.dk\/blog\/wp-json\/wp\/v2\/posts\/15894","targetHints":{"allow":["GET"]}}],"collection":[{"href":"https:\/\/df-nyt.dk\/blog\/wp-json\/wp\/v2\/posts"}],"about":[{"href":"https:\/\/df-nyt.dk\/blog\/wp-json\/wp\/v2\/types\/post"}],"author":[{"embeddable":true,"href":"https:\/\/df-nyt.dk\/blog\/wp-json\/wp\/v2\/users\/10"}],"replies":[{"embeddable":true,"href":"https:\/\/df-nyt.dk\/blog\/wp-json\/wp\/v2\/comments?post=15894"}],"version-history":[{"count":4,"href":"https:\/\/df-nyt.dk\/blog\/wp-json\/wp\/v2\/posts\/15894\/revisions"}],"predecessor-version":[{"id":109140,"href":"https:\/\/df-nyt.dk\/blog\/wp-json\/wp\/v2\/posts\/15894\/revisions\/109140"}],"wp:attachment":[{"href":"https:\/\/df-nyt.dk\/blog\/wp-json\/wp\/v2\/media?parent=15894"}],"wp:term":[{"taxonomy":"category","embeddable":true,"href":"https:\/\/df-nyt.dk\/blog\/wp-json\/wp\/v2\/categories?post=15894"},{"taxonomy":"post_tag","embeddable":true,"href":"https:\/\/df-nyt.dk\/blog\/wp-json\/wp\/v2\/tags?post=15894"}],"curies":[{"name":"wp","href":"https:\/\/api.w.org\/{rel}","templated":true}]}}