{"id":15916,"date":"2011-01-30T01:01:32","date_gmt":"2011-01-30T00:01:32","guid":{"rendered":"http:\/\/df-nyt.dk\/?p=15916"},"modified":"2025-07-24T08:33:43","modified_gmt":"2025-07-24T06:33:43","slug":"albanske-muslimer-reddede-joder-fra-nazisterne","status":"publish","type":"post","link":"https:\/\/df-nyt.dk\/blog\/albanske-muslimer-reddede-joder-fra-nazisterne\/","title":{"rendered":"Albanske muslimer, reddede j\u00f8der fra nazisterne"},"content":{"rendered":"<p><img loading=\"lazy\" decoding=\"async\" class=\"alignleft size-full \" title=\"300120110055\" src=\"https:\/\/df-nyt.dk\/blog\/wp-content\/uploads\/300120110055.png\" alt=\"\" width=\"270\" height=\"259\" \/><\/p>\n<p>Albanske muslimer, reddede j\u00f8der fra nazisterne<\/p>\n<p>Historier om albanske muslimer, som reddede liv under Holocaust er i fokus i en kampagne for bedre tv\u00e6rreligi\u00f8se forbindelser.<\/p>\n<p>Fotografier fra en udstilling, er nu p\u00e5 turne i Storbritannien.<\/p>\n<p>De kaste lys over ufortalte historier om albanske muslimer, som reddede j\u00f8derne fra nazisterne.<\/p>\n<p>Ved lanceringen fortalte overlevende Scarlett Epstein om hvordan albanske muslimer havde reddet hende.<\/p>\n<p>&#8220;Jeg skylder Albanien mit liv,&#8221; sagde hun.<\/p>\n<p>&#8220;Jeg s\u00e5 usigelige grusomheder, da vi boede i Wien,<br \/>\ns\u00e5 vi flygtede til Jugoslavien p\u00e5 et turistvisum.<\/p>\n<p>Mine for\u00e6ldre var u\u00f8nsket fordi, visummet var udl\u00f8bet, s\u00e5 myndighederne ville sende os tilbage til Wien.<\/p>\n<p>Intet land ville tage imod os, end ikke USA, ikke England, &#8230; ingen steder.<\/p>\n<p>Endelig pr\u00f8vede vi p\u00e5 det albanske konsulatet.<\/p>\n<p>Jeg regnede med at de ville smide os ud, men de gav os visa med det samme. &#8221;<\/p>\n<p>Mr Gershman, har brugt seks \u00e5r p\u00e5 et fotografisk projekt, han siger:<\/p>\n<p>&#8220;Vi fort\u00e6ller en historie, som aldrig har v\u00e6ret fortalt.<\/p>\n<p>De risikerede deres liv &#8211; og de har v\u00e6ret glemt<\/p>\n<p>Mange af disse mennesker er aldrig blevet anerkendt af Yad Vashem&#8230;&#8221;<\/p>\n<p>Udstillingen har v\u00e6ret vist i House of Commons og er p\u00e5 London Jewish Cultural Centre indtil 1. februar.<\/p>\n<p>Hr. Gershman vil ogs\u00e5, i samarbejde med islamiske og de j\u00f8diske samfund, fort\u00e6lle de ufortalte historie p\u00e5 en rundtur p\u00e5 universiteterne.<\/p>\n<p>Kilde: \/\/www.thejc.com\/galleries\/holocaust-memorial-day\/missing-pages-muslim-heroes-holocaust-0&#8243;  THE JEWISH CHRONICLE ONLINE <\/p>\n<p>\/\/historienet.dk:80\/krig\/2-verdenskrig\/muslimske-albanere-reddede-joeder-i-tusindvis&#8221;<br \/>\nMuslimske albanere reddede j\u00f8der i tusindvis\u00a0<br \/>\n\u201cDe f\u00f8lte, at de var n\u00f8dt til at handle p\u00e5 denne m\u00e5de p\u00e5 grund af \u2018besa\u2019 \u2013 et \u00e6reskodeks, som ligger dybt i albansk kultur og de albanske muslimers tro\u201d, forklarer Gershman, som h\u00e5ber, at udstillingen kan bygge bro mellem muslimer og j\u00f8der.<\/p>\n<p>For yderlig l\u00e6sning.<br \/>\nSe ogs\u00e5: <a href=\"http:\/\/df-nyt.dk\/?p=36898\"><span style=\"text-decoration: underline;\">Svinet til h\u00f8jre<\/span> <\/a><br \/>\n&nbsp;<\/p>\n","protected":false},"excerpt":{"rendered":"<p>Albanske muslimer, reddede j\u00f8der fra nazisterne Historier om albanske muslimer, som reddede liv under Holocaust er i fokus i en kampagne for bedre tv\u00e6rreligi\u00f8se forbindelser. Fotografier fra en udstilling, er nu p\u00e5 turne i Storbritannien. De kaste lys over ufortalte historier om albanske muslimer, som reddede j\u00f8derne fra nazisterne. Ved lanceringen fortalte overlevende Scarlett Epstein [&hellip;]<\/p>\n","protected":false},"author":10,"featured_media":0,"comment_status":"open","ping_status":"closed","sticky":false,"template":"","format":"standard","meta":{"footnotes":""},"categories":[1],"tags":[],"class_list":["post-15916","post","type-post","status-publish","format-standard","hentry","category-df-nyt-dk"],"_links":{"self":[{"href":"https:\/\/df-nyt.dk\/blog\/wp-json\/wp\/v2\/posts\/15916","targetHints":{"allow":["GET"]}}],"collection":[{"href":"https:\/\/df-nyt.dk\/blog\/wp-json\/wp\/v2\/posts"}],"about":[{"href":"https:\/\/df-nyt.dk\/blog\/wp-json\/wp\/v2\/types\/post"}],"author":[{"embeddable":true,"href":"https:\/\/df-nyt.dk\/blog\/wp-json\/wp\/v2\/users\/10"}],"replies":[{"embeddable":true,"href":"https:\/\/df-nyt.dk\/blog\/wp-json\/wp\/v2\/comments?post=15916"}],"version-history":[{"count":3,"href":"https:\/\/df-nyt.dk\/blog\/wp-json\/wp\/v2\/posts\/15916\/revisions"}],"predecessor-version":[{"id":109306,"href":"https:\/\/df-nyt.dk\/blog\/wp-json\/wp\/v2\/posts\/15916\/revisions\/109306"}],"wp:attachment":[{"href":"https:\/\/df-nyt.dk\/blog\/wp-json\/wp\/v2\/media?parent=15916"}],"wp:term":[{"taxonomy":"category","embeddable":true,"href":"https:\/\/df-nyt.dk\/blog\/wp-json\/wp\/v2\/categories?post=15916"},{"taxonomy":"post_tag","embeddable":true,"href":"https:\/\/df-nyt.dk\/blog\/wp-json\/wp\/v2\/tags?post=15916"}],"curies":[{"name":"wp","href":"https:\/\/api.w.org\/{rel}","templated":true}]}}