{"id":15960,"date":"2011-01-31T12:11:40","date_gmt":"2011-01-31T11:11:40","guid":{"rendered":"http:\/\/df-nyt.dk\/?p=15960"},"modified":"2017-01-13T15:30:30","modified_gmt":"2017-01-13T14:30:30","slug":"sf-kraever-garanti-mod-brugerbetaling-efter-vk-udmelding","status":"publish","type":"post","link":"https:\/\/df-nyt.dk\/blog\/sf-kraever-garanti-mod-brugerbetaling-efter-vk-udmelding\/","title":{"rendered":"SF kr\u00e6ver garanti mod brugerbetaling efter VK-udmelding"},"content":{"rendered":"<p><strong><a href=\"https:\/\/df-nyt.dk\/blog\/wp-content\/uploads\/310120111209.png\"><img loading=\"lazy\" decoding=\"async\" class=\"alignleft size-full wp-image-15961\" title=\"310120111209\" src=\"https:\/\/df-nyt.dk\/blog\/wp-content\/uploads\/310120111209.png\" alt=\"\" width=\"276\" height=\"218\" \/><\/a><\/strong><\/p>\n<p>Venstre hykler om brugerbetaling efter K\u2019s melding om et opg\u00f8r med det universelle velf\u00e6rdssamfund og stadig mere brugerbetaling, mener SF.<\/p>\n<p>Venstre har selv lige indf\u00f8rt brugerbetaling p\u00e5 f.eks. behandling mod barnl\u00f8shed.<\/p>\n<p>Skriver SF i en pressemeddelse &#8211;\u00a0Og forts\u00e6tter.<\/p>\n<p>Derfor vil SF\u2019s velf\u00e6rdsordf\u00f8rer Astrid Krag have en garanti mod mere brugerbetaling fra Venstre.<\/p>\n<p>Astrid Krag udtaler; \u201dDet er forfriskende at h\u00f8re Brian Mikkelsen og de Konservative melde s\u00e5 klart ud omkring, hvordan de ser det universelle velf\u00e6rdssamfunds fremtid.<\/p>\n<p>Mere brugerbetaling og nye skattelettelser.<\/p>\n<p>Liberal Alliance er helt p\u00e5 linie.<\/p>\n<p>Og over nyt\u00e5r er Venstre g\u00e5et fra at forsvare efterl\u00f8nnen til at ville afskaffe den.<\/p>\n<p>Hvad bliver det n\u00e6ste?\u201d<\/p>\n<p>\u201dDet er rent hykleri, n\u00e5r Troels Lund pr\u00f8ver at l\u00e6gge afstand til de Konservatives brugerbetalingstanker.<\/p>\n<p>Venstre har selv lige indf\u00f8rt brugerbetaling p\u00e5 behandling mod barnl\u00f8shed.<\/p>\n<p>Hvis Troels Lund mener noget med det, s\u00e5 m\u00e5 Venstre melde klart ud og give en garanti mod mere brugerbetaling.<\/p>\n<p>Regeringen undergraver jo danskernes lyst til at betale skat og yde til samfundet med de her meldinger hele tiden.\u201d, siger Astrid Krag.<\/p>\n<p>Astrid Krag gl\u00e6der sig dog over, at diskussionen om fremtidens velf\u00e6rd i Danmark nu er startet.<\/p>\n<p>\u201dDet her viser, at Danmark vil se markant forskelligt ud efter 10 \u00e5r med VKO eller S-SF.<\/p>\n<p>Jeg mener, det universelle velf\u00e6rdssamfund er i fare, hvis VK-regeringen forts\u00e6tter.<\/p>\n<p>VKO og LA vil have et opg\u00f8r med det universelle velf\u00e6rdssamfund og derfor sk\u00e6rer de i dagpenge, b\u00f8rnecheck og efterl\u00f8n, giver skattelettelser og indf\u00f8rer ny brugerbetaling.<\/p>\n<p>Over for det st\u00e5r S-SF\u2019s \u00f8nske om at skabe v\u00e6kst og arbejdspladser og bede alle om at arbejde lidt l\u00e6ngere i fremtiden, s\u00e5 vi sikrer fremtidens velf\u00e6rdssamfund.<\/p>\n<p>Danskerne st\u00e5r over for et klart valg\u201d, siger Astrid Krag, if\u00f8lge pressemeddelsen fra SF.<\/p>\n<p><strong>L\u00e6s flere nyheder&#8230; <a href=\"http:\/\/www.sf.dk\/\" target=\"_blank\">HER<\/a>\u00a0\u00a0<\/strong><\/p>\n","protected":false},"excerpt":{"rendered":"<p>Venstre hykler om brugerbetaling efter K\u2019s melding om et opg\u00f8r med det universelle velf\u00e6rdssamfund og stadig mere brugerbetaling, mener SF. Venstre har selv lige indf\u00f8rt brugerbetaling p\u00e5 f.eks. behandling mod barnl\u00f8shed. Skriver SF i en pressemeddelse &#8211;\u00a0Og forts\u00e6tter. Derfor vil SF\u2019s velf\u00e6rdsordf\u00f8rer Astrid Krag have en garanti mod mere brugerbetaling fra Venstre. Astrid Krag udtaler; [&hellip;]<\/p>\n","protected":false},"author":10,"featured_media":0,"comment_status":"open","ping_status":"closed","sticky":false,"template":"","format":"standard","meta":{"footnotes":""},"categories":[1],"tags":[],"class_list":["post-15960","post","type-post","status-publish","format-standard","hentry","category-df-nyt-dk"],"_links":{"self":[{"href":"https:\/\/df-nyt.dk\/blog\/wp-json\/wp\/v2\/posts\/15960","targetHints":{"allow":["GET"]}}],"collection":[{"href":"https:\/\/df-nyt.dk\/blog\/wp-json\/wp\/v2\/posts"}],"about":[{"href":"https:\/\/df-nyt.dk\/blog\/wp-json\/wp\/v2\/types\/post"}],"author":[{"embeddable":true,"href":"https:\/\/df-nyt.dk\/blog\/wp-json\/wp\/v2\/users\/10"}],"replies":[{"embeddable":true,"href":"https:\/\/df-nyt.dk\/blog\/wp-json\/wp\/v2\/comments?post=15960"}],"version-history":[{"count":0,"href":"https:\/\/df-nyt.dk\/blog\/wp-json\/wp\/v2\/posts\/15960\/revisions"}],"wp:attachment":[{"href":"https:\/\/df-nyt.dk\/blog\/wp-json\/wp\/v2\/media?parent=15960"}],"wp:term":[{"taxonomy":"category","embeddable":true,"href":"https:\/\/df-nyt.dk\/blog\/wp-json\/wp\/v2\/categories?post=15960"},{"taxonomy":"post_tag","embeddable":true,"href":"https:\/\/df-nyt.dk\/blog\/wp-json\/wp\/v2\/tags?post=15960"}],"curies":[{"name":"wp","href":"https:\/\/api.w.org\/{rel}","templated":true}]}}