{"id":15965,"date":"2011-01-31T12:24:18","date_gmt":"2011-01-31T11:24:18","guid":{"rendered":"http:\/\/df-nyt.dk\/?p=15965"},"modified":"2024-01-27T12:43:50","modified_gmt":"2024-01-27T11:43:50","slug":"jobcenter-stoppede-sygedagpenge-for-en-sikkerheds-skyld","status":"publish","type":"post","link":"https:\/\/df-nyt.dk\/blog\/jobcenter-stoppede-sygedagpenge-for-en-sikkerheds-skyld\/","title":{"rendered":"Jobcenter stoppede sygedagpenge \u2013 for en sikkerheds skyld"},"content":{"rendered":"<p><img loading=\"lazy\" decoding=\"async\" class=\"alignnone\" src=\"https:\/\/df-nyt.dk\/wp-content\/uploads\/310120111222.png\" alt=\"\" width=\"210\" height=\"146\" \/><\/p>\n<p>Han ved helt pr\u00e6cis, hvorn\u00e5r det var.<br \/>\nFor han noterede det, da han i r\u00f8ret h\u00f8rte, at det var et opkald fra Jobcentret.<\/p>\n<p>Klokken var 10.19 tirsdag i sidste uge.<br \/>\nSagsbehandleren meddelte 40-\u00e5rige Lars Foldager fra Br\u00e6ndeskov, at der om fire dage ville blive lukket for flere sygedagpenge til ham.<\/p>\n<p>Han kunne i stedet s\u00f8ge om at f\u00e5 den langt lavere kontanthj\u00e6lp.<br \/>\nLars Foldager var skuffet, han var vred \u2013 nu ville hans \u00f8konomi blive revet endnu mere i laser.<\/p>\n<p>De stopper sygedagpengene med fire dages frist.<br \/>\nHvordan kan de det? Lars Foldager fatter det stadig ikke.<\/p>\n<p>Der har ikke tidligere v\u00e6ret noget varsel, siger han.<br \/>\nSamme dag \u2013 i tirsdags \u2013 r\u00f8g der et brev af sted fra Jobcentret til Lars Foldager med samme besked: Sidste dag med sygedagpenge er fredag.<\/p>\n<p>I brevet fra Jobcentret n\u00e6vnes det, at du er-<br \/>\nSkriver Frede Jakobsen p\u00e5 \/\/svendborgsnetavis.dk \/tvivlen-kom-ikke-borgeren-til-gode\/Svendborg-Netavis<\/p>\n<p>For yderlig l\u00e6sning<\/p>\n<p><a href=\"https:\/\/df-nyt.dk\/dagbog-fra-tvangsophold-i-fitnesscenter\/\" target=\"_blank\" rel=\"noopener noreferrer\"><span style=\"text-decoration: underline;\">Dagbog fra tvangsophold i fitnesscenter<\/span><\/a><\/p>\n","protected":false},"excerpt":{"rendered":"<p>Han ved helt pr\u00e6cis, hvorn\u00e5r det var. For han noterede det, da han i r\u00f8ret h\u00f8rte, at det var et opkald fra Jobcentret. Klokken var 10.19 tirsdag i sidste uge. Sagsbehandleren meddelte 40-\u00e5rige Lars Foldager fra Br\u00e6ndeskov, at der om fire dage ville blive lukket for flere sygedagpenge til ham. Han kunne i stedet s\u00f8ge [&hellip;]<\/p>\n","protected":false},"author":10,"featured_media":0,"comment_status":"open","ping_status":"closed","sticky":false,"template":"","format":"standard","meta":{"footnotes":""},"categories":[1],"tags":[],"class_list":["post-15965","post","type-post","status-publish","format-standard","hentry","category-df-nyt-dk"],"_links":{"self":[{"href":"https:\/\/df-nyt.dk\/blog\/wp-json\/wp\/v2\/posts\/15965","targetHints":{"allow":["GET"]}}],"collection":[{"href":"https:\/\/df-nyt.dk\/blog\/wp-json\/wp\/v2\/posts"}],"about":[{"href":"https:\/\/df-nyt.dk\/blog\/wp-json\/wp\/v2\/types\/post"}],"author":[{"embeddable":true,"href":"https:\/\/df-nyt.dk\/blog\/wp-json\/wp\/v2\/users\/10"}],"replies":[{"embeddable":true,"href":"https:\/\/df-nyt.dk\/blog\/wp-json\/wp\/v2\/comments?post=15965"}],"version-history":[{"count":2,"href":"https:\/\/df-nyt.dk\/blog\/wp-json\/wp\/v2\/posts\/15965\/revisions"}],"predecessor-version":[{"id":101831,"href":"https:\/\/df-nyt.dk\/blog\/wp-json\/wp\/v2\/posts\/15965\/revisions\/101831"}],"wp:attachment":[{"href":"https:\/\/df-nyt.dk\/blog\/wp-json\/wp\/v2\/media?parent=15965"}],"wp:term":[{"taxonomy":"category","embeddable":true,"href":"https:\/\/df-nyt.dk\/blog\/wp-json\/wp\/v2\/categories?post=15965"},{"taxonomy":"post_tag","embeddable":true,"href":"https:\/\/df-nyt.dk\/blog\/wp-json\/wp\/v2\/tags?post=15965"}],"curies":[{"name":"wp","href":"https:\/\/api.w.org\/{rel}","templated":true}]}}