{"id":15979,"date":"2011-01-31T15:55:52","date_gmt":"2011-01-31T14:55:52","guid":{"rendered":"http:\/\/df-nyt.dk\/?p=15979"},"modified":"2016-11-24T22:18:20","modified_gmt":"2016-11-24T21:18:20","slug":"regeringen-forhindrer-abenhed","status":"publish","type":"post","link":"https:\/\/df-nyt.dk\/blog\/regeringen-forhindrer-abenhed\/","title":{"rendered":"Regeringen forhindrer \u00e5benhed"},"content":{"rendered":"<p>&nbsp;<\/p>\n<p><strong>Den danske regering n\u00e6gter at offentligg\u00f8re den dokumentudveksling, der foreg\u00e5r mellem Danmark og Kommissionen i tilf\u00e6lde af, at Danmark ikke overholder EU lov.<\/strong><\/p>\n<p>Skriver SF i en pressemeddelse &#8211; og forts\u00e6tter.<\/p>\n<p>\u00c5benhed er ikke i strid med reglerne, s\u00e5dan som regeringen h\u00e6vder<\/p>\n<p>I sidste uge var Danmarks brud p\u00e5 EU lov for muslingeskrab i Limfjorden p\u00e5 dagsordenen i Borgerklageudvalget.<\/p>\n<p>Her blev debatten hurtigt tunet ind p\u00e5, hvor afg\u00f8rende borgerdeltagelse er, n\u00e5r det drejer sig om naturbeskyttelse, hvilket den danske regering da ogs\u00e5 har understreget flere gange.<\/p>\n<p>Alligevel har det ikke v\u00e6ret muligt for offentligheden at f\u00e5 adgang til de skrivelser, som er blevet udvekslet mellem Danmark og Kommissionen, fordi Danmark hidtil har p\u00e5st\u00e5et, at det var i strid med EU reglerne at give \u00e5benhed f\u00f8r sagen er afsluttet .<\/p>\n<p>Derfor spurgte Margrete Kommissionen om, hvem det er, der \u00f8nsker at hemmeligholde de fortroligstemplede sager.<\/p>\n<p>Svaret var, at det i sidste ende er op til det enkelte medlemsland om dokumenterne skal offentligg\u00f8res mens sagen k\u00f8rer.<\/p>\n<p>Kommissionen m\u00e5 ikke selv g\u00f8re det<\/p>\n<p>Det er pinligt &#8211; og dumt &#8211; at Danmark ikke giver offentligheden adgang her.<\/p>\n<p>Kritikken af resten af verden for manglende \u00e5benhed, bliver utrov\u00e6rdig n\u00e5r Danmark ikke selv benytter sig af muligheden for at give offentligheden adgang til centrale dokumenter.<\/p>\n<p>Manglende \u00e5benhed skaber mistillid og h\u00f8rer ikke hjemme i EU.<\/p>\n<p><a href=\"http:\/\/www.sf.dk\/\" target=\"_blank\"><strong><span style=\"text-decoration: underline;\">L\u00e6s flere nyheder HER<\/span> <\/strong><\/a><\/p>\n","protected":false},"excerpt":{"rendered":"<p>&nbsp; Den danske regering n\u00e6gter at offentligg\u00f8re den dokumentudveksling, der foreg\u00e5r mellem Danmark og Kommissionen i tilf\u00e6lde af, at Danmark ikke overholder EU lov. Skriver SF i en pressemeddelse &#8211; og forts\u00e6tter. \u00c5benhed er ikke i strid med reglerne, s\u00e5dan som regeringen h\u00e6vder I sidste uge var Danmarks brud p\u00e5 EU lov for muslingeskrab i [&hellip;]<\/p>\n","protected":false},"author":10,"featured_media":0,"comment_status":"open","ping_status":"closed","sticky":false,"template":"","format":"standard","meta":{"footnotes":""},"categories":[1],"tags":[],"class_list":["post-15979","post","type-post","status-publish","format-standard","hentry","category-df-nyt-dk"],"_links":{"self":[{"href":"https:\/\/df-nyt.dk\/blog\/wp-json\/wp\/v2\/posts\/15979","targetHints":{"allow":["GET"]}}],"collection":[{"href":"https:\/\/df-nyt.dk\/blog\/wp-json\/wp\/v2\/posts"}],"about":[{"href":"https:\/\/df-nyt.dk\/blog\/wp-json\/wp\/v2\/types\/post"}],"author":[{"embeddable":true,"href":"https:\/\/df-nyt.dk\/blog\/wp-json\/wp\/v2\/users\/10"}],"replies":[{"embeddable":true,"href":"https:\/\/df-nyt.dk\/blog\/wp-json\/wp\/v2\/comments?post=15979"}],"version-history":[{"count":0,"href":"https:\/\/df-nyt.dk\/blog\/wp-json\/wp\/v2\/posts\/15979\/revisions"}],"wp:attachment":[{"href":"https:\/\/df-nyt.dk\/blog\/wp-json\/wp\/v2\/media?parent=15979"}],"wp:term":[{"taxonomy":"category","embeddable":true,"href":"https:\/\/df-nyt.dk\/blog\/wp-json\/wp\/v2\/categories?post=15979"},{"taxonomy":"post_tag","embeddable":true,"href":"https:\/\/df-nyt.dk\/blog\/wp-json\/wp\/v2\/tags?post=15979"}],"curies":[{"name":"wp","href":"https:\/\/api.w.org\/{rel}","templated":true}]}}