{"id":15983,"date":"2011-01-31T16:47:22","date_gmt":"2011-01-31T15:47:22","guid":{"rendered":"http:\/\/df-nyt.dk\/?p=15983"},"modified":"2016-11-11T11:20:01","modified_gmt":"2016-11-11T10:20:01","slug":"politik-pa-kanten-udl%c3%a6ndinge","status":"publish","type":"post","link":"https:\/\/df-nyt.dk\/blog\/politik-pa-kanten-udl%c3%a6ndinge\/","title":{"rendered":"Politik p\u00e5 kanten &#8211; udl\u00e6ndinge"},"content":{"rendered":"<p><strong><a href=\"https:\/\/df-nyt.dk\/blog\/wp-content\/uploads\/310120111643.png\"><img loading=\"lazy\" decoding=\"async\" class=\"alignleft size-full wp-image-15984\" title=\"310120111643\" src=\"https:\/\/df-nyt.dk\/blog\/wp-content\/uploads\/310120111643.png\" alt=\"\" width=\"235\" height=\"165\" \/><\/a><\/strong><\/p>\n<p>Politik p\u00e5 kanten &#8211; udl\u00e6ndinge<\/p>\n<p>Et nyt lovforslag fra integrationsministeriet l\u00e6gger op til, at udl\u00e6ndinge skal kunne f\u00e6ngsles i op til 18 m\u00e5neder uden dom.<\/p>\n<p>Skriver Bj\u00f8rk Toke \/ Rask p\u00e5 <span style=\"text-decoration: underline;\"><strong><a href=\"http:\/\/www.p77.dk\/demokrati\/menneskerettigheder\/411-politik-pa-kanten-udlaendinge\" target=\"_blank\">Netavisen P77<\/a><\/strong><\/span>\u00a0&#8211; \u00a0Og forts\u00e6tter.<\/p>\n<p>Der er to politikomr\u00e5der, der kan f\u00e5r folketinget helt ud p\u00e5 kanten i forhold til Grundlovens beskyttelsesbestemmelser af det enkelte menneske.<\/p>\n<p>Det er politikomr\u00e5derne udl\u00e6ndinge og terror.<\/p>\n<p>I forhold til udl\u00e6ndinge er det ret smart, at Grundloven kun g\u00e6lder for borgere i Danmark.<\/p>\n<p>Folketinget er ved at vedtage en lov, der g\u00f8r det muligt at f\u00e6ngsle mennesker i 18 m\u00e5neder uden dom og retshandling (05.12.2010, Politiken, sek. 1, side 5).<\/p>\n<p>Det er en temmelig h\u00e5rd straf.<\/p>\n<p>Og hvilken forbrydelse skal du s\u00e5 have beg\u00e5et?<\/p>\n<p>Du skal v\u00e6re borger i et land uden for EU.<\/p>\n<p>Du skal f\u00e5 afslag p\u00e5 opholdstilladelse og s\u00e5 ikke rejse inden de 7 dages frist du f\u00e5r.<\/p>\n<p>S\u00e5 klapper f\u00e6lden: Du kan f\u00e6ngsles i 18 m\u00e5neder uden ret og dom.<\/p>\n<p>I integrationsminister Birthe R\u00f8nn Hornbechs frems\u00e6ttelse af lovforslaget &#8230;<\/p>\n<p>L\u00e6s mere p\u00e5 \u00a0<span style=\"text-decoration: underline;\"><strong><a href=\"http:\/\/www.p77.dk\/demokrati\/menneskerettigheder\/411-politik-pa-kanten-udlaendinge\">Netavisen P77<\/a><\/strong><\/span><\/p>\n","protected":false},"excerpt":{"rendered":"<p>Politik p\u00e5 kanten &#8211; udl\u00e6ndinge Et nyt lovforslag fra integrationsministeriet l\u00e6gger op til, at udl\u00e6ndinge skal kunne f\u00e6ngsles i op til 18 m\u00e5neder uden dom. Skriver Bj\u00f8rk Toke \/ Rask p\u00e5 Netavisen P77\u00a0&#8211; \u00a0Og forts\u00e6tter. Der er to politikomr\u00e5der, der kan f\u00e5r folketinget helt ud p\u00e5 kanten i forhold til Grundlovens beskyttelsesbestemmelser af det enkelte [&hellip;]<\/p>\n","protected":false},"author":10,"featured_media":0,"comment_status":"open","ping_status":"closed","sticky":false,"template":"","format":"standard","meta":{"footnotes":""},"categories":[1],"tags":[],"class_list":["post-15983","post","type-post","status-publish","format-standard","hentry","category-df-nyt-dk"],"_links":{"self":[{"href":"https:\/\/df-nyt.dk\/blog\/wp-json\/wp\/v2\/posts\/15983","targetHints":{"allow":["GET"]}}],"collection":[{"href":"https:\/\/df-nyt.dk\/blog\/wp-json\/wp\/v2\/posts"}],"about":[{"href":"https:\/\/df-nyt.dk\/blog\/wp-json\/wp\/v2\/types\/post"}],"author":[{"embeddable":true,"href":"https:\/\/df-nyt.dk\/blog\/wp-json\/wp\/v2\/users\/10"}],"replies":[{"embeddable":true,"href":"https:\/\/df-nyt.dk\/blog\/wp-json\/wp\/v2\/comments?post=15983"}],"version-history":[{"count":0,"href":"https:\/\/df-nyt.dk\/blog\/wp-json\/wp\/v2\/posts\/15983\/revisions"}],"wp:attachment":[{"href":"https:\/\/df-nyt.dk\/blog\/wp-json\/wp\/v2\/media?parent=15983"}],"wp:term":[{"taxonomy":"category","embeddable":true,"href":"https:\/\/df-nyt.dk\/blog\/wp-json\/wp\/v2\/categories?post=15983"},{"taxonomy":"post_tag","embeddable":true,"href":"https:\/\/df-nyt.dk\/blog\/wp-json\/wp\/v2\/tags?post=15983"}],"curies":[{"name":"wp","href":"https:\/\/api.w.org\/{rel}","templated":true}]}}