{"id":15990,"date":"2011-01-31T21:53:30","date_gmt":"2011-01-31T20:53:30","guid":{"rendered":"http:\/\/df-nyt.dk\/?p=15990"},"modified":"2016-11-24T16:59:20","modified_gmt":"2016-11-24T15:59:20","slug":"sf-varetaegtsfaengsling-ude-af-kontrol","status":"publish","type":"post","link":"https:\/\/df-nyt.dk\/blog\/sf-varetaegtsfaengsling-ude-af-kontrol\/","title":{"rendered":"SF: Varet\u00e6gtsf\u00e6ngsling ude af kontrol"},"content":{"rendered":"<p><strong><a href=\"https:\/\/df-nyt.dk\/blog\/wp-content\/uploads\/310120112152.png\"><img loading=\"lazy\" decoding=\"async\" class=\"alignleft size-full wp-image-15991\" title=\"310120112152\" src=\"https:\/\/df-nyt.dk\/blog\/wp-content\/uploads\/310120112152.png\" alt=\"\" width=\"274\" height=\"197\" \/><\/a><\/strong><\/p>\n<p><strong>I sammenligning med andre lande sidder danske fanger varet\u00e6gtsf\u00e6ngslet b\u00e5de oftere og i l\u00e6ngere tid.<\/strong><\/p>\n<p>Skriver SF i en pressemeddelse &#8211;\u00a0Og de forts\u00e6tter.<\/p>\n<p><strong>SF vil have antallet og l\u00e6ngden af varet\u00e6gtsf\u00e6ngslinger nedbragt.<\/strong><\/p>\n<p>Varet\u00e6gtsf\u00e6ngsling, som n\u00e6sten altid foreg\u00e5r under isolationslignende forhold, er s\u00e5 udbredt i Danmark, at det i flere omgange har v\u00e6ret grundlag for international kritik.<\/p>\n<p>SF vil indf\u00f8re mere h\u00e5ndfaste tidsgr\u00e6nser for at undg\u00e5 de meget langvarige varet\u00e6gtsf\u00e6ngslinger, der kan medf\u00f8re permanente skader p\u00e5 den indsatte.<\/p>\n<p>&#8211; Vi skal nedbringe antallet af dage og timer, hvor ikke-d\u00f8mte sidder isoleret og indesp\u00e6rret.<\/p>\n<p>Det f\u00f8rer til langvarige psykiske lidelser og store udgifter for samfundet, siger SF&#8217;s retsordf\u00f8rer Karina Lorentzen Dehnhardt.<\/p>\n<p>Det er velkendt, at varet\u00e6gtsf\u00e6ngsling er et stort psykisk pres p\u00e5 den indsatte.<\/p>\n<p>Det kan fx fremprovokere psykiske lidelser som depression og angst.<\/p>\n<p>&#8211; Vi f\u00e6ngsler folk, n\u00e5r de har beg\u00e5et en forbrydelse.<\/p>\n<p>Men form\u00e5let er jo ikke at nedbryde de indsatte psykisk.<\/p>\n<p>Snarere tv\u00e6rtimod, fordi det f\u00f8rer til flere problemer efter l\u00f8sladelsen, siger SF&#8217;s retsordf\u00f8rer Karina Lorentzen Dehnhardt<\/p>\n<p>SF foresl\u00e5r, at man kikker til udlandet for at se, om der er omr\u00e5der, hvor det ikke er n\u00f8dvendigt at bruge varet\u00e6gtsf\u00e6ngsling. Skriver SF i sin pressemeddelse.<\/p>\n<p><a href=\"http:\/\/www.sf.dk\/\" target=\"_blank\"><span style=\"text-decoration: underline;\"><strong>L\u00e6s flere nyheder fra SF&#8230; HER <\/strong><\/span><\/a><\/p>\n","protected":false},"excerpt":{"rendered":"<p>I sammenligning med andre lande sidder danske fanger varet\u00e6gtsf\u00e6ngslet b\u00e5de oftere og i l\u00e6ngere tid. Skriver SF i en pressemeddelse &#8211;\u00a0Og de forts\u00e6tter. SF vil have antallet og l\u00e6ngden af varet\u00e6gtsf\u00e6ngslinger nedbragt. Varet\u00e6gtsf\u00e6ngsling, som n\u00e6sten altid foreg\u00e5r under isolationslignende forhold, er s\u00e5 udbredt i Danmark, at det i flere omgange har v\u00e6ret grundlag for international [&hellip;]<\/p>\n","protected":false},"author":10,"featured_media":0,"comment_status":"open","ping_status":"closed","sticky":false,"template":"","format":"standard","meta":{"footnotes":""},"categories":[1],"tags":[],"class_list":["post-15990","post","type-post","status-publish","format-standard","hentry","category-df-nyt-dk"],"_links":{"self":[{"href":"https:\/\/df-nyt.dk\/blog\/wp-json\/wp\/v2\/posts\/15990","targetHints":{"allow":["GET"]}}],"collection":[{"href":"https:\/\/df-nyt.dk\/blog\/wp-json\/wp\/v2\/posts"}],"about":[{"href":"https:\/\/df-nyt.dk\/blog\/wp-json\/wp\/v2\/types\/post"}],"author":[{"embeddable":true,"href":"https:\/\/df-nyt.dk\/blog\/wp-json\/wp\/v2\/users\/10"}],"replies":[{"embeddable":true,"href":"https:\/\/df-nyt.dk\/blog\/wp-json\/wp\/v2\/comments?post=15990"}],"version-history":[{"count":0,"href":"https:\/\/df-nyt.dk\/blog\/wp-json\/wp\/v2\/posts\/15990\/revisions"}],"wp:attachment":[{"href":"https:\/\/df-nyt.dk\/blog\/wp-json\/wp\/v2\/media?parent=15990"}],"wp:term":[{"taxonomy":"category","embeddable":true,"href":"https:\/\/df-nyt.dk\/blog\/wp-json\/wp\/v2\/categories?post=15990"},{"taxonomy":"post_tag","embeddable":true,"href":"https:\/\/df-nyt.dk\/blog\/wp-json\/wp\/v2\/tags?post=15990"}],"curies":[{"name":"wp","href":"https:\/\/api.w.org\/{rel}","templated":true}]}}