{"id":15994,"date":"2011-01-31T22:07:03","date_gmt":"2011-01-31T21:07:03","guid":{"rendered":"http:\/\/df-nyt.dk\/?p=15994"},"modified":"2017-11-02T21:53:41","modified_gmt":"2017-11-02T20:53:41","slug":"racisten-frifindes-men-anst%c3%a6ndigheden-sejrer","status":"publish","type":"post","link":"https:\/\/df-nyt.dk\/blog\/racisten-frifindes-men-anst%c3%a6ndigheden-sejrer\/","title":{"rendered":"Racisten frifindes &#8211; men anst\u00e6ndigheden sejrer"},"content":{"rendered":"<p><a href=\"https:\/\/df-nyt.dk\/blog\/wp-content\/uploads\/310120112200.png\"><img loading=\"lazy\" decoding=\"async\" class=\"alignleft size-full wp-image-15995\" title=\"310120112200\" src=\"https:\/\/df-nyt.dk\/blog\/wp-content\/uploads\/310120112200.png\" alt=\"\" width=\"255\" height=\"237\" \/><\/a><\/p>\n<p>&nbsp;<br \/>\nDommen over Lars Hedegaard i dag s\u00e6tter en klar og velkommen gr\u00e6nse for diskrimination i offentligheden, og er dermed en sejr over den nedv\u00e6rdigelse og forh\u00e5nelse af muslimer og andre etniske, religi\u00f8se eller seksuelle mindretal i det offentlige, som er vokset alt for meget de senere \u00e5r.<\/p>\n<p><strong>De racistiske udtalelser<\/strong><br \/>\nLEDER. I en opsigtsv\u00e6kkende sag afsagde retten i Frederiksberg i dag klokken 13.00 dom i sagen mod Lars Hedegaard, der i en mere en 30 minutter lang sp\u00f8rgsm\u00e5l-svar-session mellem ham selv og sp\u00f8rgeren Asger Trier Engberg blandt andet udtalte f\u00f8lgende:<\/p>\n<p>\u00bbN\u00e5r en muslimsk mand voldtager en kvinde, er det hans ret at g\u00f8re det\u00ab<\/p>\n<p>\u00bbHvor svenske piger bliver voldtaget, massevoldtaget etcetera, etcetera, er der intet galt i det, set fra et islamisk perspektiv. Dette er din ret\u00ab.<\/p>\n<p>\u00bbDe voldtager deres egne b\u00f8rn. Det h\u00f8rer man hele tiden. Piger i muslimske familier bliver voldtaget af deres onkler, deres f\u00e6tre eller deres far\u00ab.<\/p>\n<p>\u00bbKvinder har ingen v\u00e6rdi. De er ikke mennesker. Deres funktion er som livmoder &#8211; de b\u00e6rer krigernes afkom og skaber nye krigere, men ellers&#8230; Nuvel, de kan bruges til seksuelle form\u00e5l, men ellers har de ingen v\u00e6rdi\u00ab.<\/p>\n<p><strong>Hvad var meningen?<\/strong><br \/>\nUdtalelserne blev offentliggjort p\u00e5 bloggen Snaphanen.dk den 17. december 2009 og er s\u00e5 forh\u00e5nende og nedv\u00e6rdigende, at det er ulovligt at offentligg\u00f8re dem.<\/p>\n<p>N\u00e5r Lars Hedegaard frifindes, er det udelukkende fordi han har forklaret, at han ikke havde til hensigt at offentligg\u00f8re det fulde interview p\u00e5 den m\u00e5de, og fordi anklageren ikke kunne bevise at det havde v\u00e6ret hensigten.<\/p>\n<p>Udtalelserne vakte straks opsigt, og fire dage efter offentligg\u00f8relsen tr\u00e6der Lars Hedegaard frem i DR2 Deadline for at forsvare dem.<\/p>\n<p>Selvom Hedegaard allerede her n\u00e6vner, at interviewet blev ikke til under, men f\u00f8r en julefrokost, n\u00e6vnes ikke med et ord at det ikke var meningen at udtalelserne skulle ud.<\/p>\n<p>Tv\u00e6rtimod stiller Hedegaard sig offentligt bag udtalelserne ved at forklare, at han bygger dem p\u00e5 p\u00e5 unders\u00f8gelser og beretninger p\u00e5 Internettet og i b\u00f8ger.<\/p>\n<p>Heller ikke intervieweren Asger Trier Engberg synes blot at betragte samtalen som en k\u00f8kkenbordssamtale.<\/p>\n<p>N\u00e5r han tr\u00e6der frem p\u00e5 Youtube for at overveje om der var tale om racisme eller ej, er der klart tale om et interview: &#8230;<\/p>\n<p>Skriver Christian Rask p\u00e5 <a href=\"http:\/\/www.p77.dk\/demokrati\/ytringsfrihed\/412-racisten-frifindes-men-anstaendigheden-sejrer\">NetAvisen P77<\/a><\/p>\n<p><strong><a href=\"http:\/\/www.p77.dk\/demokrati\/ytringsfrihed\/412-racisten-frifindes-men-anstaendigheden-sejrer\">L\u00e6s mere &#8230;HER<\/a><\/strong><\/p>\n<p>*************************************<\/p>\n","protected":false},"excerpt":{"rendered":"<p>&nbsp; Dommen over Lars Hedegaard i dag s\u00e6tter en klar og velkommen gr\u00e6nse for diskrimination i offentligheden, og er dermed en sejr over den nedv\u00e6rdigelse og forh\u00e5nelse af muslimer og andre etniske, religi\u00f8se eller seksuelle mindretal i det offentlige, som er vokset alt for meget de senere \u00e5r. De racistiske udtalelser LEDER. I en opsigtsv\u00e6kkende [&hellip;]<\/p>\n","protected":false},"author":10,"featured_media":0,"comment_status":"open","ping_status":"closed","sticky":false,"template":"","format":"standard","meta":{"footnotes":""},"categories":[1],"tags":[],"class_list":["post-15994","post","type-post","status-publish","format-standard","hentry","category-df-nyt-dk"],"_links":{"self":[{"href":"https:\/\/df-nyt.dk\/blog\/wp-json\/wp\/v2\/posts\/15994","targetHints":{"allow":["GET"]}}],"collection":[{"href":"https:\/\/df-nyt.dk\/blog\/wp-json\/wp\/v2\/posts"}],"about":[{"href":"https:\/\/df-nyt.dk\/blog\/wp-json\/wp\/v2\/types\/post"}],"author":[{"embeddable":true,"href":"https:\/\/df-nyt.dk\/blog\/wp-json\/wp\/v2\/users\/10"}],"replies":[{"embeddable":true,"href":"https:\/\/df-nyt.dk\/blog\/wp-json\/wp\/v2\/comments?post=15994"}],"version-history":[{"count":0,"href":"https:\/\/df-nyt.dk\/blog\/wp-json\/wp\/v2\/posts\/15994\/revisions"}],"wp:attachment":[{"href":"https:\/\/df-nyt.dk\/blog\/wp-json\/wp\/v2\/media?parent=15994"}],"wp:term":[{"taxonomy":"category","embeddable":true,"href":"https:\/\/df-nyt.dk\/blog\/wp-json\/wp\/v2\/categories?post=15994"},{"taxonomy":"post_tag","embeddable":true,"href":"https:\/\/df-nyt.dk\/blog\/wp-json\/wp\/v2\/tags?post=15994"}],"curies":[{"name":"wp","href":"https:\/\/api.w.org\/{rel}","templated":true}]}}