{"id":16006,"date":"2011-01-31T22:55:27","date_gmt":"2011-01-31T21:55:27","guid":{"rendered":"http:\/\/df-nyt.dk\/?p=16006"},"modified":"2024-11-18T08:35:29","modified_gmt":"2024-11-18T07:35:29","slug":"konservativ-politiker-vil-ha-krig-mod-danske-muslimer","status":"publish","type":"post","link":"https:\/\/df-nyt.dk\/blog\/konservativ-politiker-vil-ha-krig-mod-danske-muslimer\/","title":{"rendered":"Konservativ politiker vil ha\u2019 krig mod danske muslimer"},"content":{"rendered":"<p><img loading=\"lazy\" decoding=\"async\" class=\"alignleft size-full \" src=\"https:\/\/df-nyt.dk\/wp-content\/uploads\/310120112311.png\" alt=\"\" width=\"281\" height=\"198\" \/><br \/>\n&nbsp;<br \/>\n-Hvem starter op, hvem t\u00f8r! &#8211; skriver den konservative k\u00f8benhavnske politiker, Marianne Forsberg i en kommentar p\u00e5 Facebook.<\/p>\n<p>Det, der skal startes op er modstandskampen mod danske muslimer, og Forsberg refererer direkte til kampen mod nazitropper under den tyske bes\u00e6ttelse:<\/p>\n<p>Danskerne har intet mod l\u00e6ngere, ikke som J\u00f8rgen Kieler, Hvidsteens-gruppen; Flammen og Citronen, Malthe Bruun og mange mange flere.<\/p>\n<p>Hvilke midler og metoder, der skal tages i brug, er Marianne Forsberg ikke helt p\u00e5 det rene med, for hun sp\u00f8rger i forummet, om der er nogle forslag til, hvordan vi skal sl\u00e5s Skriver raapil p\u00e5 sin Blog<\/p>\n<p>Marianne Forsberg, er med i bestyrelsen for de konservative i Hovedstaden og 2. suppl. i Borgerrepr\u00e6sentationen for De Konservative, folder sit fremmedhad ud i fuldt flor<\/p>\n<p><img loading=\"lazy\" decoding=\"async\" class=\"size-full alignnone\" src=\"https:\/\/df-nyt.dk\/wp-content\/uploads\/310120112249.png\" alt=\"\" width=\"439\" height=\"68\" \/><\/p>\n<p>Reference<br \/>\n\/\/raapil.dk \/2011\/01\/31\/konservativ-politiker-vil-ha-krig-mod-danske-muslimer<\/p>\n<p>For yderlig l\u00e6sning<\/p>\n<p><a href=\"https:\/\/df-nyt.dk\/?p=16085\" target=\"_blank\" rel=\"noopener noreferrer\"><span style=\"text-decoration: underline\">Marianne Forsberg: Tale om misforst\u00e5else <\/span><\/a><br \/>\n&nbsp;<br \/>\n<a href=\"https:\/\/df-nyt.dk\/?p=15827\" target=\"_blank\" rel=\"noopener noreferrer\"><span style=\"text-decoration: underline\">Konservativ toppolitiker valgte at st\u00e5 sammen med nynazister<\/span><\/a><br \/>\n&nbsp;<br \/>\n<a href=\"https:\/\/df-nyt.dk\/?p=16029\" target=\"_blank\" rel=\"noopener noreferrer\"><span style=\"text-decoration: underline\">Kvindebev\u00e6gelsen Q Freedom og den skjulte dagsorden <\/span><\/a><br \/>\n&nbsp;<\/p>\n","protected":false},"excerpt":{"rendered":"<p>&nbsp; -Hvem starter op, hvem t\u00f8r! &#8211; skriver den konservative k\u00f8benhavnske politiker, Marianne Forsberg i en kommentar p\u00e5 Facebook. Det, der skal startes op er modstandskampen mod danske muslimer, og Forsberg refererer direkte til kampen mod nazitropper under den tyske bes\u00e6ttelse: Danskerne har intet mod l\u00e6ngere, ikke som J\u00f8rgen Kieler, Hvidsteens-gruppen; Flammen og Citronen, Malthe [&hellip;]<\/p>\n","protected":false},"author":10,"featured_media":0,"comment_status":"open","ping_status":"closed","sticky":false,"template":"","format":"standard","meta":{"footnotes":""},"categories":[1],"tags":[],"class_list":["post-16006","post","type-post","status-publish","format-standard","hentry","category-df-nyt-dk"],"_links":{"self":[{"href":"https:\/\/df-nyt.dk\/blog\/wp-json\/wp\/v2\/posts\/16006","targetHints":{"allow":["GET"]}}],"collection":[{"href":"https:\/\/df-nyt.dk\/blog\/wp-json\/wp\/v2\/posts"}],"about":[{"href":"https:\/\/df-nyt.dk\/blog\/wp-json\/wp\/v2\/types\/post"}],"author":[{"embeddable":true,"href":"https:\/\/df-nyt.dk\/blog\/wp-json\/wp\/v2\/users\/10"}],"replies":[{"embeddable":true,"href":"https:\/\/df-nyt.dk\/blog\/wp-json\/wp\/v2\/comments?post=16006"}],"version-history":[{"count":2,"href":"https:\/\/df-nyt.dk\/blog\/wp-json\/wp\/v2\/posts\/16006\/revisions"}],"predecessor-version":[{"id":106846,"href":"https:\/\/df-nyt.dk\/blog\/wp-json\/wp\/v2\/posts\/16006\/revisions\/106846"}],"wp:attachment":[{"href":"https:\/\/df-nyt.dk\/blog\/wp-json\/wp\/v2\/media?parent=16006"}],"wp:term":[{"taxonomy":"category","embeddable":true,"href":"https:\/\/df-nyt.dk\/blog\/wp-json\/wp\/v2\/categories?post=16006"},{"taxonomy":"post_tag","embeddable":true,"href":"https:\/\/df-nyt.dk\/blog\/wp-json\/wp\/v2\/tags?post=16006"}],"curies":[{"name":"wp","href":"https:\/\/api.w.org\/{rel}","templated":true}]}}