{"id":16054,"date":"2011-02-01T14:51:37","date_gmt":"2011-02-01T13:51:37","guid":{"rendered":"http:\/\/df-nyt.dk\/?p=16054"},"modified":"2016-05-16T09:00:20","modified_gmt":"2016-05-16T07:00:20","slug":"tegnsprogs-tolke-uddannelsen-er-i-fare","status":"publish","type":"post","link":"https:\/\/df-nyt.dk\/blog\/tegnsprogs-tolke-uddannelsen-er-i-fare\/","title":{"rendered":"Tegnsprogs tolke uddannelsen er i fare!"},"content":{"rendered":"<p><a href=\"https:\/\/df-nyt.dk\/blog\/wp-content\/uploads\/010220111450.png\"><img loading=\"lazy\" decoding=\"async\" class=\"alignleft size-full wp-image-16055\" title=\"010220111450\" src=\"https:\/\/df-nyt.dk\/blog\/wp-content\/uploads\/010220111450.png\" alt=\"\" width=\"274\" height=\"213\" \/><\/a><\/p>\n<p>Tina Nedergaard skal i dag p\u00e5 et \u00e5bent samr\u00e5d i uddannelsesudvalget forklare, hvordan det skal kunne lade sig g\u00f8re at sikre uddannelsen af tegnsprogstolke, n\u00e5r nedsk\u00e6ringer betyder, at hver tredje l\u00e6rer skal afskediges, og undervisningstiden stort set bliver halveret fra i \u00e5r.<\/p>\n<p>Samr\u00e5det er indkaldt af Marianne Jelved og Pernille Frahm.<\/p>\n<p>I efter\u00e5ret lykkedes det p\u00e5 baggrund af en rapport fra Epinion \u2013 udarbejdet p\u00e5 bestillling af undervisningsministeriet \u2013 at fastholde, at uddannelsen skal kunne tages b\u00e5de i K\u00f8benhavn og i \u00c5rhus.<\/p>\n<p>Men ministeren afsatte reelt kun ressourcer til et uddannelsested, og dermed underminerede hun uddannelse b\u00e5de i K\u00f8benhavn og i \u00c5rhus.<\/p>\n<p>Tegnsprogstolke er en foruds\u00e6tning for mange d\u00f8ve og h\u00f8reh\u00e6mmede, hvis de vil have en chance for at kunne deltage i smafundslivet, tage en uddannelse, g\u00e5 byen \u2013teater \u2013 biograf v\u00e6re sammen med vennerne eller til familiefester.<\/p>\n<p>Det er for mange en foruds\u00e6tninge for at kunne gennemf\u00f8re en uddannelse eller varetage et erhvervsarbejde.<\/p>\n<p>Tegnsprogstolke er med andre ord en af flere foruds\u00e6tninger for at sikre ligebehandling for mennesker med et h\u00f8re handicap.<\/p>\n<p>Ministerens h\u00e5ndtering af denne uddannelse har indtil nu ikke imponeret. Skriver SF i en pressemeddelse.<\/p>\n<p><strong>L\u00e6s flere nyheder fra SF &#8230; HER <\/strong><\/p>\n<p><strong>************************************************* <\/strong><\/p>\n","protected":false},"excerpt":{"rendered":"<p>Tina Nedergaard skal i dag p\u00e5 et \u00e5bent samr\u00e5d i uddannelsesudvalget forklare, hvordan det skal kunne lade sig g\u00f8re at sikre uddannelsen af tegnsprogstolke, n\u00e5r nedsk\u00e6ringer betyder, at hver tredje l\u00e6rer skal afskediges, og undervisningstiden stort set bliver halveret fra i \u00e5r. Samr\u00e5det er indkaldt af Marianne Jelved og Pernille Frahm. I efter\u00e5ret lykkedes det [&hellip;]<\/p>\n","protected":false},"author":10,"featured_media":0,"comment_status":"open","ping_status":"closed","sticky":false,"template":"","format":"standard","meta":{"footnotes":""},"categories":[1],"tags":[],"class_list":["post-16054","post","type-post","status-publish","format-standard","hentry","category-df-nyt-dk"],"_links":{"self":[{"href":"https:\/\/df-nyt.dk\/blog\/wp-json\/wp\/v2\/posts\/16054","targetHints":{"allow":["GET"]}}],"collection":[{"href":"https:\/\/df-nyt.dk\/blog\/wp-json\/wp\/v2\/posts"}],"about":[{"href":"https:\/\/df-nyt.dk\/blog\/wp-json\/wp\/v2\/types\/post"}],"author":[{"embeddable":true,"href":"https:\/\/df-nyt.dk\/blog\/wp-json\/wp\/v2\/users\/10"}],"replies":[{"embeddable":true,"href":"https:\/\/df-nyt.dk\/blog\/wp-json\/wp\/v2\/comments?post=16054"}],"version-history":[{"count":0,"href":"https:\/\/df-nyt.dk\/blog\/wp-json\/wp\/v2\/posts\/16054\/revisions"}],"wp:attachment":[{"href":"https:\/\/df-nyt.dk\/blog\/wp-json\/wp\/v2\/media?parent=16054"}],"wp:term":[{"taxonomy":"category","embeddable":true,"href":"https:\/\/df-nyt.dk\/blog\/wp-json\/wp\/v2\/categories?post=16054"},{"taxonomy":"post_tag","embeddable":true,"href":"https:\/\/df-nyt.dk\/blog\/wp-json\/wp\/v2\/tags?post=16054"}],"curies":[{"name":"wp","href":"https:\/\/api.w.org\/{rel}","templated":true}]}}