{"id":16057,"date":"2011-02-01T15:01:26","date_gmt":"2011-02-01T14:01:26","guid":{"rendered":"http:\/\/df-nyt.dk\/?p=16057"},"modified":"2025-07-07T10:01:54","modified_gmt":"2025-07-07T08:01:54","slug":"sygemeldte-er-bange-for-jobcentret","status":"publish","type":"post","link":"https:\/\/df-nyt.dk\/blog\/sygemeldte-er-bange-for-jobcentret\/","title":{"rendered":"Sygemeldte er bange for Jobcentret"},"content":{"rendered":"<p><img loading=\"lazy\" decoding=\"async\" class=\"alignleft size-full \" title=\"010220111500\" src=\"http:\/\/df-nyt.dk\/\/wp-content\/uploads\/010220111500.png\" alt=\"\" width=\"346\" height=\"206\" \/><\/p>\n<p>Kritikken fra fagbev\u00e6gelsen er h\u00e5rd og enslydende af Jobcentret i Svendborg.<\/p>\n<p>Repr\u00e6sentanter for ni fagforeninger samt LO har holdt m\u00f8de om det kommunale Jobcenters behandling af deres sygemeldte medlemmer.<\/p>\n<p>Der m\u00e5 \u00e6ndringer til p\u00e5 Jobcentret, og det skal v\u00e6re nu, siger den sydfynske LO-formand, Tonni Hansen, efter m\u00f8det.<\/p>\n<p>Og den politisk ansvarlige, byr\u00e5dsmedlem og formanden for Arbejdsmarkedsudvalget, Grete Sch\u00f8dts (S), tager kritikken til sig, siger hun, og lover: \u201dVi skal g\u00f8re det bedre. Det g\u00f8r vi nu\u201d.<\/p>\n<p>Lang tids utilfredshed i fagbev\u00e6gelsen med den m\u00e5de, deres sygemeldte medlemmer behandles af Jobcentret, var \u00e5rsagen til et f\u00e6llesm\u00f8de for godt en uge siden.<\/p>\n<p>P\u00e5 m\u00f8det deltog repr\u00e6sentanter fra LO og fra ni fagforeninger, som har medlemmer, der har med Jobcenter Svendborg at g\u00f8re.<\/p>\n<p>Svendborgs NetAvis har set referatet fra det lukkede m\u00f8de, hvori det bl.a. hedder, at \u201dm\u00f8det var kommet i stand p\u00e5 baggrund af \u00f8nske fra flere faglige organisationer p\u00e5 Fyn, da samarbejdet med Jobcenter Svendborg opleves problematisk i forhold til vores sygemeldte medlemmer, selv om der har v\u00e6ret iv\u00e6rksat flere forskellige tiltag fra Svendborg Jobcenter i forhold til at forbedre vores samarbejde\u201d. Skriver Frede Jakobsen p\u00e5 Svendborg NetAvis<br \/>\n\/\/www.svendborgsnetavis.dk\/sygemeldte-er-bange-for-jobcentret\/&#8221; <\/p>\n<p>Reference<br \/>\n\/\/www.svendborgsnetavis.dk\/sygemeldte-er-bange-for-jobcentret\/&#8221;<br \/>\nL\u00e6s mere &#8230; DER<br \/>\n&nbsp;<\/p>\n","protected":false},"excerpt":{"rendered":"<p>Kritikken fra fagbev\u00e6gelsen er h\u00e5rd og enslydende af Jobcentret i Svendborg. Repr\u00e6sentanter for ni fagforeninger samt LO har holdt m\u00f8de om det kommunale Jobcenters behandling af deres sygemeldte medlemmer. Der m\u00e5 \u00e6ndringer til p\u00e5 Jobcentret, og det skal v\u00e6re nu, siger den sydfynske LO-formand, Tonni Hansen, efter m\u00f8det. Og den politisk ansvarlige, byr\u00e5dsmedlem og formanden [&hellip;]<\/p>\n","protected":false},"author":10,"featured_media":0,"comment_status":"open","ping_status":"closed","sticky":false,"template":"","format":"standard","meta":{"footnotes":""},"categories":[1],"tags":[],"class_list":["post-16057","post","type-post","status-publish","format-standard","hentry","category-df-nyt-dk"],"_links":{"self":[{"href":"https:\/\/df-nyt.dk\/blog\/wp-json\/wp\/v2\/posts\/16057","targetHints":{"allow":["GET"]}}],"collection":[{"href":"https:\/\/df-nyt.dk\/blog\/wp-json\/wp\/v2\/posts"}],"about":[{"href":"https:\/\/df-nyt.dk\/blog\/wp-json\/wp\/v2\/types\/post"}],"author":[{"embeddable":true,"href":"https:\/\/df-nyt.dk\/blog\/wp-json\/wp\/v2\/users\/10"}],"replies":[{"embeddable":true,"href":"https:\/\/df-nyt.dk\/blog\/wp-json\/wp\/v2\/comments?post=16057"}],"version-history":[{"count":4,"href":"https:\/\/df-nyt.dk\/blog\/wp-json\/wp\/v2\/posts\/16057\/revisions"}],"predecessor-version":[{"id":108701,"href":"https:\/\/df-nyt.dk\/blog\/wp-json\/wp\/v2\/posts\/16057\/revisions\/108701"}],"wp:attachment":[{"href":"https:\/\/df-nyt.dk\/blog\/wp-json\/wp\/v2\/media?parent=16057"}],"wp:term":[{"taxonomy":"category","embeddable":true,"href":"https:\/\/df-nyt.dk\/blog\/wp-json\/wp\/v2\/categories?post=16057"},{"taxonomy":"post_tag","embeddable":true,"href":"https:\/\/df-nyt.dk\/blog\/wp-json\/wp\/v2\/tags?post=16057"}],"curies":[{"name":"wp","href":"https:\/\/api.w.org\/{rel}","templated":true}]}}