{"id":16066,"date":"2011-02-01T15:38:54","date_gmt":"2011-02-01T14:38:54","guid":{"rendered":"http:\/\/df-nyt.dk\/?p=16066"},"modified":"2025-07-18T18:12:01","modified_gmt":"2025-07-18T16:12:01","slug":"oppositionen-i-f%c3%a6lles-front-for-%c3%b8kologi","status":"publish","type":"post","link":"https:\/\/df-nyt.dk\/blog\/oppositionen-i-f%c3%a6lles-front-for-%c3%b8kologi\/","title":{"rendered":"Oppositionen i f\u00e6lles front for \u00f8kologi"},"content":{"rendered":"<p><img loading=\"lazy\" decoding=\"async\" class=\"size-full alignleft\" title=\"281020101421\" src=\"https:\/\/df-nyt.dk\/blog\/wp-content\/uploads\/281020101421.png\" width=\"141\" height=\"50\" \/><br \/>\nSocialdemokraterne, SF, Radikale Venstre og Enhedslisten retter nu st\u00e6rk kritik af regeringens manglende indsats for at fremme \u00f8kologi i de offentlige indk\u00f8b i kommunerne. Skriver Det Radikale Venstres i sin pressemeddelelse<br \/>\n\u2013 og fors\u00e6tter<br \/>\nDet sker efter at en unders\u00f8gelse fra \u00d8kologisk Landsforening og Danmarks Naturfredningsforening har p\u00e5vist, at kun seks af landets kommuner har en m\u00e5ls\u00e6tning om mindst 30 procent \u00f8kologi i den offentlige bespisning p\u00e5 institutioner og skoler.<\/p>\n<p>Oppositionen lover, at de efter et valg, vil stille st\u00f8rre krav til kommunernes indk\u00f8b af \u00f8kologiske f\u00f8devarer.<\/p>\n<p>&#8220;Hvis vi for alvor skal have gang i den \u00f8kologiske oml\u00e6gning, er det helt n\u00f8dvendigt, at det offentlige indk\u00f8b bruges meget mere aktivt.<\/p>\n<p>Vi ved, det kan lade sig g\u00f8re, men det vi ser fra kommunerne i dag, er desv\u00e6rre ikke godt nok,&#8221; siger Mette Gjerskov, milj\u00f8ordf\u00f8rer for Socialdemokraterne.<\/p>\n<p>&#8220;Vi m\u00e5 kr\u00e6ve af kommunerne, at de s\u00e6tter ambiti\u00f8se m\u00e5l for deres \u00f8kologiske indk\u00f8b. K\u00f8benhavns Kommune et rigtig godt eksempel. Her er 60 procent af maden i offentlige k\u00f8kkener \u00f8kologisk,&#8221; siger Pia Olsen Dyhr, forbrugerordf\u00f8rer fra SF.<\/p>\n<p>&#8220;Oml\u00e6gningen til \u00f8kologi beh\u00f8ver ikke at v\u00e6re en stor udgift. Ved at k\u00f8be \u00e5rstidens gr\u00f8ntsager, sk\u00e6re ned p\u00e5 m\u00e6ngden af k\u00f8d og nedbringe madspild, har flere kommuner vist, at det kan lade sig g\u00f8re at komme helt op p\u00e5 60 procent \u00f8kologi inden for samme driftsbudget,&#8221; siger Per Clausen, f\u00f8devareordf\u00f8rer fra Enhedslisten .<\/p>\n<p>&#8220;Oppositionen \u00f8nsker at lade det offentlige g\u00e5 foran. Vi skal s\u00e6tte turbo p\u00e5 produktudviklingen, styrke det \u00f8kologiske f\u00f8devareh\u00e5ndv\u00e6rk, fremme eksporten og \u00f8ge oml\u00e6gningsst\u00f8tten,&#8221; siger Johs. Poulsen, milj\u00f8ordf\u00f8rer for Radikale Venstre.<\/p>\n<p>En samlet opposition har netop fremlagt et f\u00e6lles opl\u00e6g til fremtidens natur- og landbrugspolitik.<\/p>\n<p>Her forpligter partierne sig til at sikre en tredobling af det \u00f8kologiske areal inden 2020, hvis oppositionen vinder valget.<\/p>\n<p>Skriver det Radikale Venstres i sin pressemeddelelse.<br \/>\n\/\/www.radikale.dk\/  L\u00e6s flere nyheder fra de Radikale &#8230; der <\/p>\n","protected":false},"excerpt":{"rendered":"<p>Socialdemokraterne, SF, Radikale Venstre og Enhedslisten retter nu st\u00e6rk kritik af regeringens manglende indsats for at fremme \u00f8kologi i de offentlige indk\u00f8b i kommunerne. Skriver Det Radikale Venstres i sin pressemeddelelse \u2013 og fors\u00e6tter Det sker efter at en unders\u00f8gelse fra \u00d8kologisk Landsforening og Danmarks Naturfredningsforening har p\u00e5vist, at kun seks af landets kommuner har [&hellip;]<\/p>\n","protected":false},"author":10,"featured_media":0,"comment_status":"open","ping_status":"closed","sticky":false,"template":"","format":"standard","meta":{"footnotes":""},"categories":[1],"tags":[],"class_list":["post-16066","post","type-post","status-publish","format-standard","hentry","category-df-nyt-dk"],"_links":{"self":[{"href":"https:\/\/df-nyt.dk\/blog\/wp-json\/wp\/v2\/posts\/16066","targetHints":{"allow":["GET"]}}],"collection":[{"href":"https:\/\/df-nyt.dk\/blog\/wp-json\/wp\/v2\/posts"}],"about":[{"href":"https:\/\/df-nyt.dk\/blog\/wp-json\/wp\/v2\/types\/post"}],"author":[{"embeddable":true,"href":"https:\/\/df-nyt.dk\/blog\/wp-json\/wp\/v2\/users\/10"}],"replies":[{"embeddable":true,"href":"https:\/\/df-nyt.dk\/blog\/wp-json\/wp\/v2\/comments?post=16066"}],"version-history":[{"count":3,"href":"https:\/\/df-nyt.dk\/blog\/wp-json\/wp\/v2\/posts\/16066\/revisions"}],"predecessor-version":[{"id":109176,"href":"https:\/\/df-nyt.dk\/blog\/wp-json\/wp\/v2\/posts\/16066\/revisions\/109176"}],"wp:attachment":[{"href":"https:\/\/df-nyt.dk\/blog\/wp-json\/wp\/v2\/media?parent=16066"}],"wp:term":[{"taxonomy":"category","embeddable":true,"href":"https:\/\/df-nyt.dk\/blog\/wp-json\/wp\/v2\/categories?post=16066"},{"taxonomy":"post_tag","embeddable":true,"href":"https:\/\/df-nyt.dk\/blog\/wp-json\/wp\/v2\/tags?post=16066"}],"curies":[{"name":"wp","href":"https:\/\/api.w.org\/{rel}","templated":true}]}}