{"id":16085,"date":"2011-02-02T09:26:00","date_gmt":"2011-02-02T08:26:00","guid":{"rendered":"http:\/\/df-nyt.dk\/?p=16085"},"modified":"2026-01-10T17:25:34","modified_gmt":"2026-01-10T16:25:34","slug":"marianne-forsberg-tale-om-misforstaelse","status":"publish","type":"post","link":"https:\/\/df-nyt.dk\/blog\/marianne-forsberg-tale-om-misforstaelse\/","title":{"rendered":"Marianne Forsberg: Tale om misforst\u00e5else"},"content":{"rendered":"<p><img loading=\"lazy\" decoding=\"async\" class=\"alignnone size-full \" title=\"310120112249\" src=\"https:\/\/df-nyt.dk\/blog\/wp-content\/uploads\/310120112249.png\" alt=\"\" width=\"439\" height=\"68\" \/><\/p>\n<p>Marianne Forsberg st\u00e5r ved, hvad hun har skrevet i sin kommentar p\u00e5 Facebook &#8211; men hun sl\u00e5r fast, at den er blevet fuldst\u00e6ndig misforst\u00e5et &#8211; hun mener ikke, at der skal bl\u00e6ses til kamp mod de danske muslimer.<\/p>\n<p>&#8211; Jeg har ikke noget mod muslimer.<br \/>\nSlet ikke.<\/p>\n<p>Det jeg mener, er, at vi m\u00e5 holde sammen imod de ekstreme grupper, forklarer Marianne Forsberg, som n\u00e6vner den islamiske organisation Hitzb-ut-Tahrir, der holdt et kontroversielt m\u00f8de i K\u00f8benhavn i slutningen af januar.<\/p>\n<p>&#8211; Det er dem, jeg hentyder til. Slet ikke muslimer generelt, siger hun. if\u00f8lge BT.dk<br \/>\n\/\/www.bt.dk\/politik\/konservativ-i-facebook-fadaese&#8221;><\/p>\n<p>Dokumentation:<br \/>\n\/\/raapil.dk:80\/2011\/02\/01\/dokumentation-her-gar-marianne-forsberg-grassat\/&#8221;<br \/>\nHer g\u00e5r Marianne Forsberg grassat <\/p>\n<p>L\u00e6s:<br \/>\n<a href=\"http:\/\/df-nyt.dk\/?p=16006\">Konservativ politiker vil ha\u2019 krig mod danske muslimer<\/a><br \/>\n&nbsp;<br \/>\n<a href=\"http:\/\/df-nyt.dk\/?p=16029\">Kvindebev\u00e6gelsen Q Freedom og den \u2018skjulte\u2019 dagsorden<\/a><br \/>\n&nbsp;<br \/>\n<iframe loading=\"lazy\" src=\"https:\/\/www.youtube.com\/embed\/hfaY03KGyrU? width=\"400\" height=\"225\" frameborder=\"0\" allowfullscreen><\/iframe><br \/>\n&nbsp;<\/p>\n","protected":false},"excerpt":{"rendered":"<p>Marianne Forsberg st\u00e5r ved, hvad hun har skrevet i sin kommentar p\u00e5 Facebook &#8211; men hun sl\u00e5r fast, at den er blevet fuldst\u00e6ndig misforst\u00e5et &#8211; hun mener ikke, at der skal bl\u00e6ses til kamp mod de danske muslimer. &#8211; Jeg har ikke noget mod muslimer. Slet ikke. Det jeg mener, er, at vi m\u00e5 holde [&hellip;]<\/p>\n","protected":false},"author":10,"featured_media":0,"comment_status":"open","ping_status":"closed","sticky":false,"template":"","format":"standard","meta":{"footnotes":""},"categories":[1],"tags":[],"class_list":["post-16085","post","type-post","status-publish","format-standard","hentry","category-df-nyt-dk"],"_links":{"self":[{"href":"https:\/\/df-nyt.dk\/blog\/wp-json\/wp\/v2\/posts\/16085","targetHints":{"allow":["GET"]}}],"collection":[{"href":"https:\/\/df-nyt.dk\/blog\/wp-json\/wp\/v2\/posts"}],"about":[{"href":"https:\/\/df-nyt.dk\/blog\/wp-json\/wp\/v2\/types\/post"}],"author":[{"embeddable":true,"href":"https:\/\/df-nyt.dk\/blog\/wp-json\/wp\/v2\/users\/10"}],"replies":[{"embeddable":true,"href":"https:\/\/df-nyt.dk\/blog\/wp-json\/wp\/v2\/comments?post=16085"}],"version-history":[{"count":4,"href":"https:\/\/df-nyt.dk\/blog\/wp-json\/wp\/v2\/posts\/16085\/revisions"}],"predecessor-version":[{"id":111097,"href":"https:\/\/df-nyt.dk\/blog\/wp-json\/wp\/v2\/posts\/16085\/revisions\/111097"}],"wp:attachment":[{"href":"https:\/\/df-nyt.dk\/blog\/wp-json\/wp\/v2\/media?parent=16085"}],"wp:term":[{"taxonomy":"category","embeddable":true,"href":"https:\/\/df-nyt.dk\/blog\/wp-json\/wp\/v2\/categories?post=16085"},{"taxonomy":"post_tag","embeddable":true,"href":"https:\/\/df-nyt.dk\/blog\/wp-json\/wp\/v2\/tags?post=16085"}],"curies":[{"name":"wp","href":"https:\/\/api.w.org\/{rel}","templated":true}]}}