{"id":16112,"date":"2011-02-02T20:02:29","date_gmt":"2011-02-02T19:02:29","guid":{"rendered":"http:\/\/df-nyt.dk\/?p=16112"},"modified":"2018-02-25T11:08:58","modified_gmt":"2018-02-25T10:08:58","slug":"lars-hedegaard-l%c3%b8j-i-retten","status":"publish","type":"post","link":"https:\/\/df-nyt.dk\/blog\/lars-hedegaard-l%c3%b8j-i-retten\/","title":{"rendered":"Lars Hedegaard l\u00f8j i retten"},"content":{"rendered":"<p><strong><a href=\"https:\/\/df-nyt.dk\/blog\/wp-content\/uploads\/020220112001.png\"><img loading=\"lazy\" decoding=\"async\" class=\"alignleft size-full wp-image-16113\" title=\"020220112001\" src=\"https:\/\/df-nyt.dk\/blog\/wp-content\/uploads\/020220112001.png\" alt=\"\" width=\"243\" height=\"214\" \/><\/a><\/strong><\/p>\n<p>&nbsp;<br \/>\nManden bag det fam\u00f8se interview med Trykkefrihedsselskabets formand Lars Hedegaard tr\u00e6der nu frem og skyder med skarpt:<\/p>\n<p><strong>Lars Hedegaard l\u00f8j i retten for at slippe for straf, siger han.<\/strong><\/p>\n<p>If\u00f8lge den islamkritiske blogger og forfatter Asger Trier Engberg har Lars Hedegaard l\u00f8jet, da han var oppe for at forsvare sig selv i den racismesag, som han for f\u00e5 dage siden blev frikendt i.<\/p>\n<p>Asger Trier Engberg som stod bag interviet med Lars Hedegaard i den video som udl\u00f8ste anklagerne om racisme mod Lars Hedegaard, har derfor i dag ikke ret meget tilovers for sit gamle intervieuoffer og allierede i kampen mod islam.<\/p>\n<p>I f\u00f8lge Asger Trier Engberg, har Lars Hedegaard l\u00f8jet i retten og kastet skylden over p\u00e5 andre, herunder ogs\u00e5 p\u00e5 Asger, kun fordi Lars Hedegaard personligt ville slippe for at blive straffet for overtr\u00e6delse af racismeparagrafen.<\/p>\n<p>Racismeparagrafen eller 264b er ellers en paragraf som Trykkefrihedsselskabet og Lars Hedegaard ikke har ret meget respekt for og k\u00e6mper for at f\u00e5 afskaffet.<\/p>\n<p>Skriver\u00a0Margrethe S. Hansen p\u00e5  <a href=\"http:\/\/www.p77.dk\/demokrati\/ytringsfrihed\/415-lars-hedegaard-loj-i-retten\"><span style=\"text-decoration: underline;\"><strong>NetAvisen P77 <\/strong><\/span><\/a><\/p>\n<p><a href=\"http:\/\/www.p77.dk\/demokrati\/ytringsfrihed\/415-lars-hedegaard-loj-i-retten\"><span style=\"text-decoration: underline;\"><strong><br \/>\nL\u00e6s mere &#8230; HER <\/strong><\/span><\/a><\/p>\n<p><strong>*****************<\/strong><\/p>\n","protected":false},"excerpt":{"rendered":"<p>&nbsp; Manden bag det fam\u00f8se interview med Trykkefrihedsselskabets formand Lars Hedegaard tr\u00e6der nu frem og skyder med skarpt: Lars Hedegaard l\u00f8j i retten for at slippe for straf, siger han. If\u00f8lge den islamkritiske blogger og forfatter Asger Trier Engberg har Lars Hedegaard l\u00f8jet, da han var oppe for at forsvare sig selv i den racismesag, [&hellip;]<\/p>\n","protected":false},"author":10,"featured_media":0,"comment_status":"open","ping_status":"closed","sticky":false,"template":"","format":"standard","meta":{"footnotes":""},"categories":[1],"tags":[],"class_list":["post-16112","post","type-post","status-publish","format-standard","hentry","category-df-nyt-dk"],"_links":{"self":[{"href":"https:\/\/df-nyt.dk\/blog\/wp-json\/wp\/v2\/posts\/16112","targetHints":{"allow":["GET"]}}],"collection":[{"href":"https:\/\/df-nyt.dk\/blog\/wp-json\/wp\/v2\/posts"}],"about":[{"href":"https:\/\/df-nyt.dk\/blog\/wp-json\/wp\/v2\/types\/post"}],"author":[{"embeddable":true,"href":"https:\/\/df-nyt.dk\/blog\/wp-json\/wp\/v2\/users\/10"}],"replies":[{"embeddable":true,"href":"https:\/\/df-nyt.dk\/blog\/wp-json\/wp\/v2\/comments?post=16112"}],"version-history":[{"count":0,"href":"https:\/\/df-nyt.dk\/blog\/wp-json\/wp\/v2\/posts\/16112\/revisions"}],"wp:attachment":[{"href":"https:\/\/df-nyt.dk\/blog\/wp-json\/wp\/v2\/media?parent=16112"}],"wp:term":[{"taxonomy":"category","embeddable":true,"href":"https:\/\/df-nyt.dk\/blog\/wp-json\/wp\/v2\/categories?post=16112"},{"taxonomy":"post_tag","embeddable":true,"href":"https:\/\/df-nyt.dk\/blog\/wp-json\/wp\/v2\/tags?post=16112"}],"curies":[{"name":"wp","href":"https:\/\/api.w.org\/{rel}","templated":true}]}}