{"id":16137,"date":"2011-02-03T10:44:47","date_gmt":"2011-02-03T09:44:47","guid":{"rendered":"http:\/\/df-nyt.dk\/?p=16137"},"modified":"2026-01-06T06:43:45","modified_gmt":"2026-01-06T05:43:45","slug":"ekstrabladet-lars-hedegaard-loj-i-retten","status":"publish","type":"post","link":"https:\/\/df-nyt.dk\/blog\/ekstrabladet-lars-hedegaard-loj-i-retten\/","title":{"rendered":"Ekstrabladet: &#8216;Lars Hedegaard l\u00f8j i retten&#8217;"},"content":{"rendered":"<p><img loading=\"lazy\" decoding=\"async\" class=\"alignleft size-full title=\"030220111037\" src=\"https:\/\/df-nyt.dk\/blog\/wp-content\/uploads\/030220111037.png\" alt=\"\" width=\"284\" height=\"210\" \/><br \/>\n&nbsp;<br \/>\nEkstrabladet: &#8216;Lars Hedegaard l\u00f8j i retten&#8217;<br \/>\nFormanden for Trykkefrihedsselskabet vidste godt, at hans neds\u00e6ttende ytringer om, at muslimer voldtager deres d\u00f8tre, skulle publiceres.<br \/>\nSkriver Ekstrabladet \u00a0<\/p>\n<p>&#8211;\u00a0Og forts\u00e6tter med b.la.<br \/>\nDet siger manden, som i sin tid interviewede ham<\/p>\n<p>&#8211; Muslimer voldtager deres egne b\u00f8rn. Det h\u00f8rer man hele tiden. Piger i muslimske familier bliver voldtaget af deres onkler, deres f\u00e6tre eller deres far.<\/p>\n<p>Denne og andre neds\u00e6ttende bem\u00e6rkninger om muslimer, som blev offentliggjort p\u00e5 den h\u00f8jreorienterede blog snaphanen.dk for to \u00e5r siden, skaffede formanden for Trykkefrihedsselskabet, Lars Hedegaard, en racismesag p\u00e5 halsen.<\/p>\n<p>En sag, som han 31. januar i \u00e5r blev frikendt i, fordi han overbeviste rette om, at han ikke vidste, at hans ord, som godt nok blev sagt i et interview, ville blive offentliggjort.<\/p>\n<p><em>&#8211; Retten finder ganske vist, at hans udtalelser om muslimer er forh\u00e5nende, men han vidste ikke, at interviewet, der fandt sted under en julefrokost, ville blive offentliggjort. Derfor frifindes han, l\u00f8d det i retten. <\/em><\/p>\n<p>Men han l\u00f8j, siger manden som interviewede ham i sin tid. <\/p>\n<p>\/\/ekstrabladet.dk\/nyheder\/samfund\/article1498261.ece&#8221;<br \/>\nL\u00e6s mere p\u00e5 ekstrabladet.dk &#8230; DER <\/p>\n<p>&nbsp;<br \/>\n<a href=\"http:\/\/p77.dk\/demokrati\/ytringsfrihed\/415-lars-hedegaard-loj-i-retten\" target=\"_blank\"><span style=\"text-decoration: underline;\">Se&#8230; Netavisen\u00a0 P77 &#8230; HER <\/span><\/a><\/p>\n<p>&nbsp;<\/p>\n","protected":false},"excerpt":{"rendered":"","protected":false},"author":10,"featured_media":0,"comment_status":"open","ping_status":"closed","sticky":false,"template":"","format":"standard","meta":{"footnotes":""},"categories":[1],"tags":[],"class_list":["post-16137","post","type-post","status-publish","format-standard","hentry","category-df-nyt-dk"],"_links":{"self":[{"href":"https:\/\/df-nyt.dk\/blog\/wp-json\/wp\/v2\/posts\/16137","targetHints":{"allow":["GET"]}}],"collection":[{"href":"https:\/\/df-nyt.dk\/blog\/wp-json\/wp\/v2\/posts"}],"about":[{"href":"https:\/\/df-nyt.dk\/blog\/wp-json\/wp\/v2\/types\/post"}],"author":[{"embeddable":true,"href":"https:\/\/df-nyt.dk\/blog\/wp-json\/wp\/v2\/users\/10"}],"replies":[{"embeddable":true,"href":"https:\/\/df-nyt.dk\/blog\/wp-json\/wp\/v2\/comments?post=16137"}],"version-history":[{"count":3,"href":"https:\/\/df-nyt.dk\/blog\/wp-json\/wp\/v2\/posts\/16137\/revisions"}],"predecessor-version":[{"id":110885,"href":"https:\/\/df-nyt.dk\/blog\/wp-json\/wp\/v2\/posts\/16137\/revisions\/110885"}],"wp:attachment":[{"href":"https:\/\/df-nyt.dk\/blog\/wp-json\/wp\/v2\/media?parent=16137"}],"wp:term":[{"taxonomy":"category","embeddable":true,"href":"https:\/\/df-nyt.dk\/blog\/wp-json\/wp\/v2\/categories?post=16137"},{"taxonomy":"post_tag","embeddable":true,"href":"https:\/\/df-nyt.dk\/blog\/wp-json\/wp\/v2\/tags?post=16137"}],"curies":[{"name":"wp","href":"https:\/\/api.w.org\/{rel}","templated":true}]}}