{"id":16143,"date":"2011-02-03T11:23:45","date_gmt":"2011-02-03T10:23:45","guid":{"rendered":"http:\/\/df-nyt.dk\/?p=16143"},"modified":"2025-07-07T10:30:04","modified_gmt":"2025-07-07T08:30:04","slug":"giv-arbejdsl%c3%b8se-ordentlige-vilkar","status":"publish","type":"post","link":"https:\/\/df-nyt.dk\/blog\/giv-arbejdsl%c3%b8se-ordentlige-vilkar\/","title":{"rendered":"Giv arbejdsl\u00f8se ordentlige vilk\u00e5r"},"content":{"rendered":"<p><img loading=\"lazy\" decoding=\"async\" class=\"alignleft size-full \" src=\"http:\/\/df-nyt.dk\/\/wp-content\/uploads\/030220111117.png\" alt=\"030220111117\" width=\"255\" height=\"99\" \/>Et nyt politisk flertal skal sikre flere job, en anst\u00e6ndig arbejdsl\u00f8shedsunderst\u00f8ttelse og reel opkvalificering i stedet for de ubrugelige aktiveringskurser.<\/p>\n<p>En politik for arbejdsl\u00f8se, som tager udgangspunkt i de arbejdsl\u00f8ses behov, er et af Enhedslistens hovedkrav til en kommende S-SF-regering. Skriver Enhedslisten i sin pressemeddelelse <\/p>\n<p>\u2013 og fors\u00e6tter<br \/>\nYdmygelserne skal v\u00e6k<br \/>\nByg et t\u00e5rn af spaghetti.<\/p>\n<p>S\u00e5dan l\u00f8d opgaven p\u00e5 et aktiveringskursus for arbejdsl\u00f8se p\u00e5 Fyn.<br \/>\nSiden har ledige fra hele landet fortalt om det ene nyttel\u00f8se aktiveringsprojekt efter det andet.<\/p>\n<p>Det er spild af skattekroner, og det er at g\u00f8re grin med folk.<br \/>\nMed de nye aktiveringsregler fra 1. januar vil langt flere arbejdsl\u00f8se blive sendt i virksomhedspraktik og l\u00f8ntilskud.<\/p>\n<p>Problemet er, at det mange steder f\u00f8rer til at reelle job forsvinder, n\u00e5r en virksomhed kan ans\u00e6tte en billig praktikant i stedet.<\/p>\n<p>I stedet for misbrug, mistillid og overdreven kontrol vil vi s\u00e6tte et system, som tager udgangspunkt i den enkelte ledige.<\/p>\n<p>Vi vil afskaffe &#8220;klikket&#8221; p\u00e5 jobnet og s\u00e6tte en stopper for ydmygende aktivering og udnyttelse af ledige som billig arbejdskraft.<\/p>\n<p>I stedet skal jobcentre og A-kasser lytte til de arbejdsl\u00f8ses egne ideer og \u00f8nsker.<\/p>\n<p>Der skal satses massivt p\u00e5 efteruddannelse &#8211; og selvf\u00f8lgelig p\u00e5 at skabe job. Skriver Enhedslisten sin pressemeddelelse <\/p>\n<p>\/\/www.enhedslisten.dk:80\/arbejdsloes&#8221; L\u00e6s mere DER <\/p>\n<p>For yderlig l\u00e6sning.<br \/>\n&nbsp;<br \/>\n<span style=\"text-decoration: underline;\"><a href=\"http:\/\/df-nyt.dk\/?p=12994\">Job-resource-profil p\u00e5 den perfekte Jobkonsulent? <\/a><\/span><br \/>\n&nbsp;<br \/>\n<span style=\"text-decoration: underline;\"><a href=\"http:\/\/df-nyt.dk\/?p=13015\">S\u00e5 rundede man 210.000 aktive CV\u2019er p\u00e5 jobnet.dk <\/a><\/span><br \/>\n&nbsp;<\/p>\n","protected":false},"excerpt":{"rendered":"<p>Et nyt politisk flertal skal sikre flere job, en anst\u00e6ndig arbejdsl\u00f8shedsunderst\u00f8ttelse og reel opkvalificering i stedet for de ubrugelige aktiveringskurser. En politik for arbejdsl\u00f8se, som tager udgangspunkt i de arbejdsl\u00f8ses behov, er et af Enhedslistens hovedkrav til en kommende S-SF-regering. Skriver Enhedslisten i sin pressemeddelelse \u2013 og fors\u00e6tter Ydmygelserne skal v\u00e6k Byg et t\u00e5rn af [&hellip;]<\/p>\n","protected":false},"author":10,"featured_media":0,"comment_status":"open","ping_status":"closed","sticky":false,"template":"","format":"standard","meta":{"footnotes":""},"categories":[1],"tags":[],"class_list":["post-16143","post","type-post","status-publish","format-standard","hentry","category-df-nyt-dk"],"_links":{"self":[{"href":"https:\/\/df-nyt.dk\/blog\/wp-json\/wp\/v2\/posts\/16143","targetHints":{"allow":["GET"]}}],"collection":[{"href":"https:\/\/df-nyt.dk\/blog\/wp-json\/wp\/v2\/posts"}],"about":[{"href":"https:\/\/df-nyt.dk\/blog\/wp-json\/wp\/v2\/types\/post"}],"author":[{"embeddable":true,"href":"https:\/\/df-nyt.dk\/blog\/wp-json\/wp\/v2\/users\/10"}],"replies":[{"embeddable":true,"href":"https:\/\/df-nyt.dk\/blog\/wp-json\/wp\/v2\/comments?post=16143"}],"version-history":[{"count":4,"href":"https:\/\/df-nyt.dk\/blog\/wp-json\/wp\/v2\/posts\/16143\/revisions"}],"predecessor-version":[{"id":108712,"href":"https:\/\/df-nyt.dk\/blog\/wp-json\/wp\/v2\/posts\/16143\/revisions\/108712"}],"wp:attachment":[{"href":"https:\/\/df-nyt.dk\/blog\/wp-json\/wp\/v2\/media?parent=16143"}],"wp:term":[{"taxonomy":"category","embeddable":true,"href":"https:\/\/df-nyt.dk\/blog\/wp-json\/wp\/v2\/categories?post=16143"},{"taxonomy":"post_tag","embeddable":true,"href":"https:\/\/df-nyt.dk\/blog\/wp-json\/wp\/v2\/tags?post=16143"}],"curies":[{"name":"wp","href":"https:\/\/api.w.org\/{rel}","templated":true}]}}