{"id":16147,"date":"2011-02-03T12:30:18","date_gmt":"2011-02-03T11:30:18","guid":{"rendered":"http:\/\/df-nyt.dk\/?p=16147"},"modified":"2025-07-07T10:19:05","modified_gmt":"2025-07-07T08:19:05","slug":"r-flertallet-for-regeringens-pointsystem-er-v%c3%a6k-pressetjeneste","status":"publish","type":"post","link":"https:\/\/df-nyt.dk\/blog\/r-flertallet-for-regeringens-pointsystem-er-v%c3%a6k-pressetjeneste\/","title":{"rendered":"R: Flertallet for regeringens pointsystem er v\u00e6k"},"content":{"rendered":"<p>De seneste dage har budt p\u00e5 en r\u00e6kke mediehistorier med groteske eksempler p\u00e5, hvor forfejlet regeringens pointsystem for permanent ophold er. Skriver de Radikale i deres pressemeddelelse<\/p>\n<p>&#8211; Og forts\u00e6tter<br \/>\nRadikale Venstres integrationsordf\u00f8rer Marianne Jelved forventer nu, at regeringen erkender, den har beg\u00e5et en fejl og afskaffer systemet s\u00e5 hurtigt som muligt.<\/p>\n<p>&#8220;Lovforslaget om pointsystemet blev hastet igennem Folketinget sidste \u00e5r med en urimelig kort h\u00f8ringsfrist &#8211; og nu bliver det ogs\u00e5 tydeligt, at reglerne slet ikke har v\u00e6ret ordentligt gennemt\u00e6nkt.<\/p>\n<p>Allerede dengang gjorde Radikale Venstre opm\u00e6rksom p\u00e5, at dette pointsystem var st\u00e6rkt problematisk.<\/p>\n<p>Derfor er det dybt useri\u00f8st, n\u00e5r b\u00e5de statsministeren og medlemmer fra Venstre, Konservative og Dansk Folkeparti nu bliver overraskede over lovens meget firkantede konsekvenser.<\/p>\n<p>N\u00e5r en lang r\u00e6kke borgerlige profiler nu g\u00e5r ud og taler i mod pointsystemet, b\u00f8r regeringen erkende, at der ikke l\u00e6ngere er flertal for systemet og derfor afskaffe det hurtigst muligt,&#8221; siger Marianne Jelved.<\/p>\n<p>Hun mener, at pointsystemet b\u00f8r afskaffes, fordi det er alt for ufleksibelt:<\/p>\n<p>&#8220;For det er faktisk misvisende at kalde det for et pointsystem, n\u00e5r der i virkeligheden er tale om en lang r\u00e6kke ufravigelige krav.<\/p>\n<p>P\u00e5 den m\u00e5de tager pointsystemet ikke h\u00f8jde for, at folk integrerer sig p\u00e5 mange forskellige m\u00e5der &#8211; som den aktuelle sag med den afghanske tolk ogs\u00e5 viser.<\/p>\n<p>Desv\u00e6rre tror Birthe R\u00f8nn og Karsten Lauritzen fortsat, at de kan s\u00e6tte integration op som en matematisk formel,&#8221; siger Marianne Jelved. If\u00f8lge pressemeddelelsen fra de Radikale.<\/p>\n<p>\/\/www.radikale.dk\/CMS\/forside04.aspx?SiteID=1&#8243;<br \/>\nL\u00e6s flere nyheder &#8230; DER <\/p>\n","protected":false},"excerpt":{"rendered":"<p>De seneste dage har budt p\u00e5 en r\u00e6kke mediehistorier med groteske eksempler p\u00e5, hvor forfejlet regeringens pointsystem for permanent ophold er. Skriver de Radikale i deres pressemeddelelse &#8211; Og forts\u00e6tter Radikale Venstres integrationsordf\u00f8rer Marianne Jelved forventer nu, at regeringen erkender, den har beg\u00e5et en fejl og afskaffer systemet s\u00e5 hurtigt som muligt. &#8220;Lovforslaget om pointsystemet [&hellip;]<\/p>\n","protected":false},"author":10,"featured_media":0,"comment_status":"open","ping_status":"closed","sticky":false,"template":"","format":"standard","meta":{"footnotes":""},"categories":[1],"tags":[],"class_list":["post-16147","post","type-post","status-publish","format-standard","hentry","category-df-nyt-dk"],"_links":{"self":[{"href":"https:\/\/df-nyt.dk\/blog\/wp-json\/wp\/v2\/posts\/16147","targetHints":{"allow":["GET"]}}],"collection":[{"href":"https:\/\/df-nyt.dk\/blog\/wp-json\/wp\/v2\/posts"}],"about":[{"href":"https:\/\/df-nyt.dk\/blog\/wp-json\/wp\/v2\/types\/post"}],"author":[{"embeddable":true,"href":"https:\/\/df-nyt.dk\/blog\/wp-json\/wp\/v2\/users\/10"}],"replies":[{"embeddable":true,"href":"https:\/\/df-nyt.dk\/blog\/wp-json\/wp\/v2\/comments?post=16147"}],"version-history":[{"count":3,"href":"https:\/\/df-nyt.dk\/blog\/wp-json\/wp\/v2\/posts\/16147\/revisions"}],"predecessor-version":[{"id":108708,"href":"https:\/\/df-nyt.dk\/blog\/wp-json\/wp\/v2\/posts\/16147\/revisions\/108708"}],"wp:attachment":[{"href":"https:\/\/df-nyt.dk\/blog\/wp-json\/wp\/v2\/media?parent=16147"}],"wp:term":[{"taxonomy":"category","embeddable":true,"href":"https:\/\/df-nyt.dk\/blog\/wp-json\/wp\/v2\/categories?post=16147"},{"taxonomy":"post_tag","embeddable":true,"href":"https:\/\/df-nyt.dk\/blog\/wp-json\/wp\/v2\/tags?post=16147"}],"curies":[{"name":"wp","href":"https:\/\/api.w.org\/{rel}","templated":true}]}}