{"id":16151,"date":"2011-02-03T14:19:52","date_gmt":"2011-02-03T13:19:52","guid":{"rendered":"http:\/\/df-nyt.dk\/?p=16151"},"modified":"2017-08-19T19:54:15","modified_gmt":"2017-08-19T17:54:15","slug":"mikael-jalvings-dr%c3%b8m","status":"publish","type":"post","link":"https:\/\/df-nyt.dk\/blog\/mikael-jalvings-dr%c3%b8m\/","title":{"rendered":"Mikael Jalvings dr\u00f8m?"},"content":{"rendered":"<p><strong><a href=\"https:\/\/df-nyt.dk\/blog\/wp-content\/uploads\/030220111357.png\"><img loading=\"lazy\" decoding=\"async\" class=\"alignleft size-full wp-image-16152\" title=\"030220111357\" src=\"https:\/\/df-nyt.dk\/blog\/wp-content\/uploads\/030220111357.png\" alt=\"\" width=\"212\" height=\"218\" \/><\/a><\/strong><\/p>\n<p>&nbsp;<\/p>\n<p><strong>Mikael Jalvings dr\u00f8m?<\/strong><\/p>\n<p>Dr\u00f8mmen om at st\u00e5 som en fr\u00e5dende skrigende galning, &#8211; som taler til en forsamling Hollywood nazister, &#8211; er det dr\u00f8mmen Mikael Jalving?<\/p>\n<p>M\u00f8det var en k\u00e6mpe succes, &#8211; s\u00e5 m\u00e5ske bliver KKK i USA, de n\u00e6ste der gerne vil se Jalving som taler til deres m\u00f8der, hvis Mikael Jalvings bog ogs\u00e5 udkomme p\u00e5 det amerikanske \u00a0marked.<\/p>\n<p>&#8216;Mikael Jalving, forfatter og blogger p\u00e5 den danske avis Jyllands-Posten deltog, da det Nationaldemokratiske Partis tidsskrift Nationell Idag afholdt seminar i weekenden, hvor flere kendte nazister deltog.<\/p>\n<p>Seminaret, som tidsskriftet beskriver som en stor succes, blev afholdt l\u00f8rdag i S\u00f6dert\u00e4ljes kommunale lokaler, alt imens den militante nynazistiske organisation Svenska motst\u00e5ndsr\u00f6relsen (SMR) og det svenske h\u00f8jreekstreme parti Svenskarnas parti solgte b\u00f8ger til gavn for deres organisationer.&#8217;<\/p>\n<p>Det skriver det svenske magasin Expo.<\/p>\n<p>Udover Michael Jalving talte adskillige kendte aktivister fra den svenske White Power.<\/p>\n<p>Blandt andet dr\u00f8ftede anti-semit og Holocaust-ben\u00e6gter Bj\u00f6rn Bj\u00f6rkqvist offentligg\u00f8relsen af Muhammed-karikaturer med Marc Abramsson og Vavra Suk fra Nationaldemokraterne &#8211; og alts\u00e5 med Mikael Jalving.<\/p>\n<p>Kan man l\u00e6se p\u00e5 Netavisen P77&#8230; \u00a0<span style=\"text-decoration: underline;\"><strong><a href=\"http:\/\/www.p77.dk\/politik-a-verden\/internationalt\/417-nazisterne-solgte-boger-pa-soedertaelje-kommune-ved-jalving-seminar\" target=\"_blank\" rel=\"noopener\">L\u00e6s mere &#8230; HER<\/a><\/strong><\/span><\/p>\n<p><strong>Se, JP-journalist skal tale for svenske nynazister&#8230; \u00a0<span style=\"text-decoration: underline;\"><a href=\"http:\/\/df-nyt.dk\/?p=15304\" target=\"_blank\" rel=\"noopener\">Se det HER <\/a><\/span><\/strong><\/p>\n<p><strong>L\u00e6s mere om,\u00a0 White Power&#8230; \u00a0<span style=\"text-decoration: underline;\"><a href=\"http:\/\/df-nyt.dk\/?p=8894\" target=\"_blank\" rel=\"noopener\">HER <\/a><\/span><\/strong><\/p>\n<p><strong>*********************************<\/strong><\/p>\n","protected":false},"excerpt":{"rendered":"<p>&nbsp; Mikael Jalvings dr\u00f8m? Dr\u00f8mmen om at st\u00e5 som en fr\u00e5dende skrigende galning, &#8211; som taler til en forsamling Hollywood nazister, &#8211; er det dr\u00f8mmen Mikael Jalving? M\u00f8det var en k\u00e6mpe succes, &#8211; s\u00e5 m\u00e5ske bliver KKK i USA, de n\u00e6ste der gerne vil se Jalving som taler til deres m\u00f8der, hvis Mikael Jalvings bog [&hellip;]<\/p>\n","protected":false},"author":10,"featured_media":0,"comment_status":"open","ping_status":"closed","sticky":false,"template":"","format":"standard","meta":{"footnotes":""},"categories":[1],"tags":[],"class_list":["post-16151","post","type-post","status-publish","format-standard","hentry","category-df-nyt-dk"],"_links":{"self":[{"href":"https:\/\/df-nyt.dk\/blog\/wp-json\/wp\/v2\/posts\/16151","targetHints":{"allow":["GET"]}}],"collection":[{"href":"https:\/\/df-nyt.dk\/blog\/wp-json\/wp\/v2\/posts"}],"about":[{"href":"https:\/\/df-nyt.dk\/blog\/wp-json\/wp\/v2\/types\/post"}],"author":[{"embeddable":true,"href":"https:\/\/df-nyt.dk\/blog\/wp-json\/wp\/v2\/users\/10"}],"replies":[{"embeddable":true,"href":"https:\/\/df-nyt.dk\/blog\/wp-json\/wp\/v2\/comments?post=16151"}],"version-history":[{"count":0,"href":"https:\/\/df-nyt.dk\/blog\/wp-json\/wp\/v2\/posts\/16151\/revisions"}],"wp:attachment":[{"href":"https:\/\/df-nyt.dk\/blog\/wp-json\/wp\/v2\/media?parent=16151"}],"wp:term":[{"taxonomy":"category","embeddable":true,"href":"https:\/\/df-nyt.dk\/blog\/wp-json\/wp\/v2\/categories?post=16151"},{"taxonomy":"post_tag","embeddable":true,"href":"https:\/\/df-nyt.dk\/blog\/wp-json\/wp\/v2\/tags?post=16151"}],"curies":[{"name":"wp","href":"https:\/\/api.w.org\/{rel}","templated":true}]}}