{"id":16163,"date":"2011-02-03T20:01:53","date_gmt":"2011-02-03T19:01:53","guid":{"rendered":"http:\/\/df-nyt.dk\/?p=16163"},"modified":"2024-11-18T13:34:29","modified_gmt":"2024-11-18T12:34:29","slug":"er-slet-ikke-nogen-der-skal-slas-ihjel-marianne-forsberg","status":"publish","type":"post","link":"https:\/\/df-nyt.dk\/blog\/er-slet-ikke-nogen-der-skal-slas-ihjel-marianne-forsberg\/","title":{"rendered":"Er slet ikke nogen der skal sl\u00e5s ihjel, Marianne Forsberg?"},"content":{"rendered":"<p>Er slet ikke nogen der skal sl\u00e5s ihjel, Marianne Forsberg?<\/p>\n<p><img loading=\"lazy\" decoding=\"async\" class=\"size-full alignnone\" title=\"310120112249\" src=\"https:\/\/df-nyt.dk\/\/wp-content\/uploads\/310120112249.png\" alt=\"\" width=\"439\" height=\"68\" \/><\/p>\n<p>&#8216;Marianne Forsberg st\u00e5r ved, hvad hun har skrevet i sin kommentar p\u00e5 Facebook \u2013 men hun sl\u00e5r fast, at den er blevet fuldst\u00e6ndig misforst\u00e5et \u2013 hun mener ikke, at der skal bl\u00e6ses til kamp mod de danske muslimer. Skriver Netavisen \/\/bt.dk\/politik\/konservativ-i-facebook-fadaese &#8211; bt.dk<\/p>\n<p>Og det kan man da gl\u00e6de sig over, &#8211; is\u00e6r hvis man er muslim.<br \/>\nMen det er jo ikke alle der er det &#8230;<\/p>\n<p>Og hvordan s\u00e5, &#8211; Marianne Forsberg? &#8211;<br \/>\nDet kunne jeg da godt t\u00e6nke mig at vide noget mere om.<br \/>\nOg &#8211; s\u00e5 venter vi gerne t\u00e5lmodigt p\u00e5 en forklaring fra Dansk Folkeparti.<\/p>\n<p><img loading=\"lazy\" decoding=\"async\" class=\"size-full alignnone\" title=\"030220111918\" src=\"https:\/\/df-nyt.dk\/\/wp-content\/uploads\/030220111918.png\" alt=\"\" width=\"394\" height=\"461\" \/><\/p>\n<p><img loading=\"lazy\" decoding=\"async\" class=\" alignnone\" title=\"030220111914\" src=\"https:\/\/df-nyt.dk\/\/wp-content\/uploads\/030220111914.png\" alt=\"\" width=\"211\" height=\"131\" \/><br \/>\n<em>Billedet: Arne W. Petersen og Marianne Forsberg i en lille hygge-passiar under den nyelig overst\u00e5et <a href=\"https:\/\/df-nyt.dk\/?p=15438\"><span style=\"text-decoration: underline;\">skandale demostration<\/span><\/a><\/em><\/p>\n<p>Arne W. Petersen var ogs\u00e5 deltager i den FaceBook-debat, som er omtalt p\u00e5 hjemmesiden, raapil.dk med overskriften, &#8220;Dokumentation: Her g\u00e5r Marianne Forsberg grassat&#8221;.<\/p>\n<p><img loading=\"lazy\" decoding=\"async\" class=\"size-full  alignnone\" title=\"240120111957\" src=\"https:\/\/df-nyt.dk\/\/wp-content\/uploads\/240120111957.png\" alt=\"\" width=\"444\" height=\"502\" \/><\/p>\n<p><img loading=\"lazy\" decoding=\"async\" class=\"alignnone size-full \" title=\"240120111856\" src=\"https:\/\/df-nyt.dk\/\/wp-content\/uploads\/240120111856.png\" alt=\"\" width=\"389\" height=\"404\" \/><\/p>\n<p><img loading=\"lazy\" decoding=\"async\" class=\"size-full  alignnone\" title=\"240120111855\" src=\"https:\/\/df-nyt.dk\/\/wp-content\/uploads\/240120111855.png\" alt=\"\" width=\"394\" height=\"580\" \/><\/p>\n<p>For yderlig l\u00e6sning<\/p>\n<p><a href=\"https:\/\/df-nyt.dk\/?p=16085\" target=\"_blank\" rel=\"noopener noreferrer\"><span style=\"text-decoration: underline;\">Marianne Forsberg: Tale om misforst\u00e5else<\/span><\/a><br \/>\n&nbsp;<br \/>\n<a href=\"https:\/\/df-nyt.dk\/?p=16208\" target=\"_blank\" rel=\"noopener noreferrer\"><span style=\"text-decoration: underline;\">Forsberg og den konservative glidebane <\/span><\/a><br \/>\n&nbsp;<br \/>\n<a href=\"https:\/\/df-nyt.dk\/?p=15438\" target=\"_blank\" rel=\"noopener noreferrer\"><span style=\"text-decoration: underline;\">Skandal\u00f8s demostration i K\u00f8benhavn <\/span><\/a><br \/>\n&nbsp;<br \/>\n<a href=\"https:\/\/df-nyt.dk\/?p=15713\" target=\"_blank\" rel=\"noopener noreferrer\"><span style=\"text-decoration: underline;\">Et indblik i demonstrationen mod Hizb ut-Tahrir\u2019s debatm\u00f8de \u2013 21\/1 2011 <\/span><\/a><\/p>\n","protected":false},"excerpt":{"rendered":"<p>Er slet ikke nogen der skal sl\u00e5s ihjel, Marianne Forsberg? &#8216;Marianne Forsberg st\u00e5r ved, hvad hun har skrevet i sin kommentar p\u00e5 Facebook \u2013 men hun sl\u00e5r fast, at den er blevet fuldst\u00e6ndig misforst\u00e5et \u2013 hun mener ikke, at der skal bl\u00e6ses til kamp mod de danske muslimer. Skriver Netavisen \/\/bt.dk\/politik\/konservativ-i-facebook-fadaese &#8211; bt.dk Og det [&hellip;]<\/p>\n","protected":false},"author":10,"featured_media":0,"comment_status":"open","ping_status":"closed","sticky":false,"template":"","format":"standard","meta":{"footnotes":""},"categories":[1],"tags":[],"class_list":["post-16163","post","type-post","status-publish","format-standard","hentry","category-df-nyt-dk"],"_links":{"self":[{"href":"https:\/\/df-nyt.dk\/blog\/wp-json\/wp\/v2\/posts\/16163","targetHints":{"allow":["GET"]}}],"collection":[{"href":"https:\/\/df-nyt.dk\/blog\/wp-json\/wp\/v2\/posts"}],"about":[{"href":"https:\/\/df-nyt.dk\/blog\/wp-json\/wp\/v2\/types\/post"}],"author":[{"embeddable":true,"href":"https:\/\/df-nyt.dk\/blog\/wp-json\/wp\/v2\/users\/10"}],"replies":[{"embeddable":true,"href":"https:\/\/df-nyt.dk\/blog\/wp-json\/wp\/v2\/comments?post=16163"}],"version-history":[{"count":2,"href":"https:\/\/df-nyt.dk\/blog\/wp-json\/wp\/v2\/posts\/16163\/revisions"}],"predecessor-version":[{"id":106862,"href":"https:\/\/df-nyt.dk\/blog\/wp-json\/wp\/v2\/posts\/16163\/revisions\/106862"}],"wp:attachment":[{"href":"https:\/\/df-nyt.dk\/blog\/wp-json\/wp\/v2\/media?parent=16163"}],"wp:term":[{"taxonomy":"category","embeddable":true,"href":"https:\/\/df-nyt.dk\/blog\/wp-json\/wp\/v2\/categories?post=16163"},{"taxonomy":"post_tag","embeddable":true,"href":"https:\/\/df-nyt.dk\/blog\/wp-json\/wp\/v2\/tags?post=16163"}],"curies":[{"name":"wp","href":"https:\/\/api.w.org\/{rel}","templated":true}]}}