{"id":16208,"date":"2011-02-04T15:02:37","date_gmt":"2011-02-04T14:02:37","guid":{"rendered":"http:\/\/df-nyt.dk\/?p=16208"},"modified":"2026-01-10T17:23:43","modified_gmt":"2026-01-10T16:23:43","slug":"forsberg-og-den-konservative-glidebane","status":"publish","type":"post","link":"https:\/\/df-nyt.dk\/blog\/forsberg-og-den-konservative-glidebane\/","title":{"rendered":"Forsberg og den konservative glidebane"},"content":{"rendered":"<p><img loading=\"lazy\" decoding=\"async\" class=\"alignleft size-full \" title=\"040220111500\" src=\"https:\/\/df-nyt.dk\/blog\/wp-content\/uploads\/040220111500.png\" alt=\"\" width=\"233\" height=\"85\" \/><\/p>\n<p>Marianne Forsbergs meritter p\u00e5 Facebook har n\u00e5et <a href=\"http:\/\/www.bt.dk\/politik\/konservativ-i-facebook-fadaese\">B.T., <\/a>som skriver om den konservative lokalpolitiker, at hun \u201c\u2026 mener, at der er brug for modstandsgrupper mod de danske muslimer\u201d.<\/p>\n<p>Den udl\u00e6gning kan fru Forsberg selvsagt ikke erkl\u00e6re sig enig i, s\u00e5 hun tr\u00e6kker overfor<br \/>\nB.T. mantraet frem om, at \u2018hun skam ikke mente alle muslimer\u2019.<br \/>\n\/\/www.bt.dk\/politik\/konservativ-i-facebook-fadaese&#8221;<\/p>\n<p><img loading=\"lazy\" decoding=\"async\" class=\"size-full alignnone\" title=\"310120112249\" src=\"https:\/\/df-nyt.dk\/blog\/wp-content\/uploads\/310120112249.png\" alt=\"\" width=\"439\" height=\"68\" \/><\/p>\n<p>Men hvad mener fru Forsberg egentlig?<br \/>\nDen fam\u00f8se debattr\u00e5d p\u00e5 Facebook indledes med bekymrede kommentarer til forlydenderne om,<br \/>\nat unge b\u00f8ller chikanerer ikke-muslimer i ghettoerne.<\/p>\n<p>Det bliver snart til kommentarer om, at ghettob\u00f8llerne er en slags islams soldater,<br \/>\nog at islams tilstedev\u00e6relse i Danmark i sig selv er en bes\u00e6ttelse.<\/p>\n<p>Det er her, Marianne Forsberg giver sit besyv med, og det er i denne kontekst,<br \/>\nat Marianne Forsbergs udtalelser skal ses:<\/p>\n<p>Hvis det ikke er \u2018alle muslimer i Danmark\u2019, hun omtaler, s\u00e5 er det i hvert fald ghettob\u00f8llerne,<br \/>\nsom hun mener, skal bek\u00e6mpes med likvideringer og bombespr\u00e6ngninger.<\/p>\n<p>Og likvideringer og bombespr\u00e6ngninger m\u00e5 n\u00f8dvendigvis v\u00e6re de midler, Marianne Forsberg forestiller sig, der skal til for at bek\u00e6mpe det \u2018muslimske uv\u00e6sen\u2019 \u2013 hvorfor skulle hun dog ellers referere direkte til navngivne modstandsgrupper, som brugte netop disse metoder?<\/p>\n<p>Skriver man p\u00e5 raapil.dk &#8230;<br \/>\n\/\/raapil.dk\/2011\/02\/03\/forsberg-og-den-konservative-glidebane\/&#8221;<\/p>\n<p>L\u00e6s ogs\u00e5:<\/p>\n<p><a href=\"http:\/\/df-nyt.dk\/?p=16163\">Er slet ikke nogen der skal sl\u00e5s ihjel, Marianne Forsberg?<\/a><\/p>\n<p><iframe loading=\"lazy\" src=\"https:\/\/www.youtube.com\/embed\/hfaY03KGyrU? \" width=\"400\" height=\"225\" frameborder=\"0\" allowfullscreen=\"allowfullscreen\"><\/iframe><\/p>\n<p>&nbsp;<\/p>\n","protected":false},"excerpt":{"rendered":"<p>Marianne Forsbergs meritter p\u00e5 Facebook har n\u00e5et B.T., som skriver om den konservative lokalpolitiker, at hun \u201c\u2026 mener, at der er brug for modstandsgrupper mod de danske muslimer\u201d. Den udl\u00e6gning kan fru Forsberg selvsagt ikke erkl\u00e6re sig enig i, s\u00e5 hun tr\u00e6kker overfor B.T. mantraet frem om, at \u2018hun skam ikke mente alle muslimer\u2019. \/\/www.bt.dk\/politik\/konservativ-i-facebook-fadaese&#8221; [&hellip;]<\/p>\n","protected":false},"author":10,"featured_media":0,"comment_status":"open","ping_status":"closed","sticky":false,"template":"","format":"standard","meta":{"footnotes":""},"categories":[1],"tags":[],"class_list":["post-16208","post","type-post","status-publish","format-standard","hentry","category-df-nyt-dk"],"_links":{"self":[{"href":"https:\/\/df-nyt.dk\/blog\/wp-json\/wp\/v2\/posts\/16208","targetHints":{"allow":["GET"]}}],"collection":[{"href":"https:\/\/df-nyt.dk\/blog\/wp-json\/wp\/v2\/posts"}],"about":[{"href":"https:\/\/df-nyt.dk\/blog\/wp-json\/wp\/v2\/types\/post"}],"author":[{"embeddable":true,"href":"https:\/\/df-nyt.dk\/blog\/wp-json\/wp\/v2\/users\/10"}],"replies":[{"embeddable":true,"href":"https:\/\/df-nyt.dk\/blog\/wp-json\/wp\/v2\/comments?post=16208"}],"version-history":[{"count":3,"href":"https:\/\/df-nyt.dk\/blog\/wp-json\/wp\/v2\/posts\/16208\/revisions"}],"predecessor-version":[{"id":111096,"href":"https:\/\/df-nyt.dk\/blog\/wp-json\/wp\/v2\/posts\/16208\/revisions\/111096"}],"wp:attachment":[{"href":"https:\/\/df-nyt.dk\/blog\/wp-json\/wp\/v2\/media?parent=16208"}],"wp:term":[{"taxonomy":"category","embeddable":true,"href":"https:\/\/df-nyt.dk\/blog\/wp-json\/wp\/v2\/categories?post=16208"},{"taxonomy":"post_tag","embeddable":true,"href":"https:\/\/df-nyt.dk\/blog\/wp-json\/wp\/v2\/tags?post=16208"}],"curies":[{"name":"wp","href":"https:\/\/api.w.org\/{rel}","templated":true}]}}