{"id":16229,"date":"2011-02-04T22:44:55","date_gmt":"2011-02-04T21:44:55","guid":{"rendered":"http:\/\/df-nyt.dk\/?p=16229"},"modified":"2026-01-23T12:50:12","modified_gmt":"2026-01-23T11:50:12","slug":"foreningen-behandl-os-ordentligt-arrangerer-storm%c3%b8de-pa-christiansborg","status":"publish","type":"post","link":"https:\/\/df-nyt.dk\/blog\/foreningen-behandl-os-ordentligt-arrangerer-storm%c3%b8de-pa-christiansborg\/","title":{"rendered":"Foreningen &#8220;Behandl&#8217; os ordentligt&#8221; arrangerer storm\u00f8de p\u00e5 Christiansborg"},"content":{"rendered":"<p><img loading=\"lazy\" decoding=\"async\" class=\"alignleft size-full \" title=\"040220112251\" src=\"https:\/\/df-nyt.dk\/blog\/wp-content\/uploads\/040220112251.png\" alt=\"\" width=\"314\" height=\"131\" \/><br \/>\nForeningen &#8220;Behandl&#8217; os ordentligt&#8221; arrangerer storm\u00f8de p\u00e5 Christiansborg<\/p>\n<p>Det er den 22. februar, at foreningen inviterer til stort f\u00e6llesm\u00f8de p\u00e5 Christiansborg.<\/p>\n<p>Invitation til \u00a0&#8220;Alle arbejdsl\u00f8se, der vil v\u00e6re med til at f\u00e5 politikerne til at \u00e5bne \u00f8jnene for den uretf\u00e6rdige behandling, de arbejdsl\u00f8se f\u00e5r.&#8221;<\/p>\n<p>M\u00f8det vil behandle arbejdsl\u00f8ses vilk\u00e5r, eller m\u00e5ske is\u00e6r den mangel p\u00e5 vilk\u00e5r, som foreningen f\u00f8ler der er.<\/p>\n<p>Forud for m\u00f8det har foreningen sendt en r\u00e6kke sp\u00f8rgsm\u00e5l til alle partierne og det er s\u00e5 meningen, at der skal falde svar p\u00e5 de spr\u00f8gsm\u00e5l.<\/p>\n<p>Der er plads til 140 personer, fordelt efter, f\u00f8rst til m\u00f8lle princippet.<\/p>\n<p>Sidste tilmeldingsfrist torsdag d 10.febuar.<br \/>\nSp\u00f8rgsm\u00e5lene vil politikkerne svare p\u00e5 den 22.febuar, og s\u00e5 bliver ogs\u00e5 fri debat.<\/p>\n<p>F\u00f8lgende politikere har meddelt at de kommer:<br \/>\nTorben Hansen, MF(S)<br \/>\nEigil Andersen, MF (SF)<br \/>\nLine Barfod, MF (EL)<br \/>\nPer \u00d8rum J\u00f8rgensen, MF(KD)<br \/>\n&nbsp;<br \/>\nKan man l\u00e6se f\u00e5 foreningens hjemmeside<br \/>\n&nbsp;<br \/>\n<img loading=\"lazy\" decoding=\"async\" class=\"size-full alignnone\" title=\"040220112150\" src=\"https:\/\/df-nyt.dk\/blog\/wp-content\/uploads\/040220112150.png\" alt=\"\" width=\"323\" height=\"407\" \/> Se ogs\u00e5,<\/p>\n<p><span style=\"text-decoration: underline;\"><a href=\"http:\/\/df-nyt.dk\/?p=16223\" target=\"_blank\" rel=\"noopener\">Dansk Metal: \u00c6ldre ryger ud f\u00f8rst<\/a><\/span><br \/>\n&nbsp;<br \/>\n<span style=\"text-decoration: underline;\"><a href=\"http:\/\/df-nyt.dk\/?p=13015\" target=\"_blank\" rel=\"noopener\"> S\u00e5 rundede man 210.000 aktive CV\u2019er p\u00e5 jobnet.dk<\/a><\/span><br \/>\n&nbsp;<br \/>\n<span style=\"text-decoration: underline;\"><a href=\"http:\/\/df-nyt.dk\/?p=14509\" target=\"_blank\" rel=\"noopener\">R\u00f8dovre Kommune tjente 15 millioner p\u00e5 menneskehandel <\/a><\/span><br \/>\n&nbsp;<br \/>\n<span style=\"text-decoration: underline;\"><a href=\"http:\/\/df-nyt.dk\/?p=12994\" target=\"_blank\" rel=\"noopener\">Job-resource-profil p\u00e5 den perfekte Jobkonsulent? <\/a><\/span><\/p>\n<p>**********************************<\/p>\n","protected":false},"excerpt":{"rendered":"<p>Foreningen &#8220;Behandl&#8217; os ordentligt&#8221; arrangerer storm\u00f8de p\u00e5 Christiansborg Det er den 22. februar, at foreningen inviterer til stort f\u00e6llesm\u00f8de p\u00e5 Christiansborg. Invitation til \u00a0&#8220;Alle arbejdsl\u00f8se, der vil v\u00e6re med til at f\u00e5 politikerne til at \u00e5bne \u00f8jnene for den uretf\u00e6rdige behandling, de arbejdsl\u00f8se f\u00e5r.&#8221; M\u00f8det vil behandle arbejdsl\u00f8ses vilk\u00e5r, eller m\u00e5ske is\u00e6r den mangel p\u00e5 [&hellip;]<\/p>\n","protected":false},"author":10,"featured_media":0,"comment_status":"open","ping_status":"closed","sticky":false,"template":"","format":"standard","meta":{"footnotes":""},"categories":[1],"tags":[],"class_list":["post-16229","post","type-post","status-publish","format-standard","hentry","category-df-nyt-dk"],"_links":{"self":[{"href":"https:\/\/df-nyt.dk\/blog\/wp-json\/wp\/v2\/posts\/16229","targetHints":{"allow":["GET"]}}],"collection":[{"href":"https:\/\/df-nyt.dk\/blog\/wp-json\/wp\/v2\/posts"}],"about":[{"href":"https:\/\/df-nyt.dk\/blog\/wp-json\/wp\/v2\/types\/post"}],"author":[{"embeddable":true,"href":"https:\/\/df-nyt.dk\/blog\/wp-json\/wp\/v2\/users\/10"}],"replies":[{"embeddable":true,"href":"https:\/\/df-nyt.dk\/blog\/wp-json\/wp\/v2\/comments?post=16229"}],"version-history":[{"count":4,"href":"https:\/\/df-nyt.dk\/blog\/wp-json\/wp\/v2\/posts\/16229\/revisions"}],"predecessor-version":[{"id":111634,"href":"https:\/\/df-nyt.dk\/blog\/wp-json\/wp\/v2\/posts\/16229\/revisions\/111634"}],"wp:attachment":[{"href":"https:\/\/df-nyt.dk\/blog\/wp-json\/wp\/v2\/media?parent=16229"}],"wp:term":[{"taxonomy":"category","embeddable":true,"href":"https:\/\/df-nyt.dk\/blog\/wp-json\/wp\/v2\/categories?post=16229"},{"taxonomy":"post_tag","embeddable":true,"href":"https:\/\/df-nyt.dk\/blog\/wp-json\/wp\/v2\/tags?post=16229"}],"curies":[{"name":"wp","href":"https:\/\/api.w.org\/{rel}","templated":true}]}}