{"id":16308,"date":"2011-02-06T11:19:16","date_gmt":"2011-02-06T10:19:16","guid":{"rendered":"http:\/\/df-nyt.dk\/?p=16308"},"modified":"2026-01-10T19:05:27","modified_gmt":"2026-01-10T18:05:27","slug":"hold-%c3%b8je-med-dem-f%c3%b8lge-efter-dem-bortvis-dem-lemgaard-tror-de-vil-stj%c3%a6le","status":"publish","type":"post","link":"https:\/\/df-nyt.dk\/blog\/hold-%c3%b8je-med-dem-f%c3%b8lge-efter-dem-bortvis-dem-lemgaard-tror-de-vil-stj%c3%a6le\/","title":{"rendered":"&#8220;Hold \u00f8je med dem, f\u00f8lge efter dem, bortvis dem &#8211; Lemgaard \u201ctror\u201d de vil stj\u00e6le!&#8221;"},"content":{"rendered":"<p>\u201cHold \u00f8je med dem, f\u00f8lge efter dem, bortvis dem \u2013 Lemgaard \u201ctror\u201d de vil stj\u00e6le!\u201d<br \/>\n<img loading=\"lazy\" decoding=\"async\" class=\"alignleft \" title=\"060220111123\" src=\"https:\/\/df-nyt.dk\/blog\/wp-content\/uploads\/060220111123.png\" alt=\"\" width=\"125\" height=\"114\" \/>S\u00e5 skete det. Der blev beg\u00e5et et tyveri\/r\u00f8veri i g\u00e5gaden i Frederiksv\u00e6rk beg\u00e5et af 3 asylans\u00f8gere fra Auder\u00f8dlejren.<\/p>\n<p>Om det var det der igen fik fordommene frem i lyset ved jeg ikke. Vi har jo tidligere set Dansk Folkeparti her i Halsn\u00e6s kalde alle asylans\u00f8gere for tyve.<\/p>\n<p>Formanden for handelsstandsforeningen og medejer af Expert Morten Lemgaard siger lige ud til TV2 Lorry, at tyvene kommer fra Auder\u00f8dlejren.<\/p>\n<p>Han har dog ikke fanget en eneste tyv i hans egen forretning fra Auder\u00f8dlejren.<\/p>\n<p>Ligesom det heller ikke fremg\u00e5r at der skulle v\u00e6re taget nogen i andre butikker.<\/p>\n<p>Politiet siger da ogs\u00e5, at man ikke kan se noget i statistikkerne om, at der skulle v\u00e6re mere tyveri efter der er kommet flygtninge i Auder\u00f8dlejren.<\/p>\n<p>I f\u00f8lge TV2 Lorry siger Morten Lemgaard at han har givet besked om at de ansatte skal holde s\u00e6rligt \u00f8je med folk af anden oprindelse en dansk??<\/p>\n<p>De skal f\u00f8lge efter dem og ind imellem bortvise dem.<br \/>\nIkke fordi de har stj\u00e5let noget men nok mere fordi Lemgaard \u201ctror\u201d de vil stj\u00e6le.<\/p>\n<p><a href=\"https:\/\/perjensen.dk\/\" target=\"_blank\" rel=\"noopener\"><span style=\"text-decoration: underline;\">L\u00e6s mere p\u00e5 perjensen.dk<\/span><\/a><\/p>\n<p>L\u00e6s ogs\u00e5: \/\/www.sn.dk\/Nordsjaellands-Politi-friholder-asylcenter\/Halsnaes\/artikel\/112326&#8243;<br \/>\nNordsj\u00e6llands Politi friholder asylcenter<\/p>\n<p><iframe loading=\"lazy\" src=\"https:\/\/www.youtube.com\/embed\/yMo5eOhb4J4? \" width=\"400\" height=\"225\" frameborder=\"0\" allowfullscreen=\"allowfullscreen\"><\/iframe><\/p>\n","protected":false},"excerpt":{"rendered":"<p>\u201cHold \u00f8je med dem, f\u00f8lge efter dem, bortvis dem \u2013 Lemgaard \u201ctror\u201d de vil stj\u00e6le!\u201d S\u00e5 skete det. Der blev beg\u00e5et et tyveri\/r\u00f8veri i g\u00e5gaden i Frederiksv\u00e6rk beg\u00e5et af 3 asylans\u00f8gere fra Auder\u00f8dlejren. Om det var det der igen fik fordommene frem i lyset ved jeg ikke. Vi har jo tidligere set Dansk Folkeparti her [&hellip;]<\/p>\n","protected":false},"author":10,"featured_media":0,"comment_status":"open","ping_status":"closed","sticky":false,"template":"","format":"standard","meta":{"footnotes":""},"categories":[1],"tags":[],"class_list":["post-16308","post","type-post","status-publish","format-standard","hentry","category-df-nyt-dk"],"_links":{"self":[{"href":"https:\/\/df-nyt.dk\/blog\/wp-json\/wp\/v2\/posts\/16308","targetHints":{"allow":["GET"]}}],"collection":[{"href":"https:\/\/df-nyt.dk\/blog\/wp-json\/wp\/v2\/posts"}],"about":[{"href":"https:\/\/df-nyt.dk\/blog\/wp-json\/wp\/v2\/types\/post"}],"author":[{"embeddable":true,"href":"https:\/\/df-nyt.dk\/blog\/wp-json\/wp\/v2\/users\/10"}],"replies":[{"embeddable":true,"href":"https:\/\/df-nyt.dk\/blog\/wp-json\/wp\/v2\/comments?post=16308"}],"version-history":[{"count":5,"href":"https:\/\/df-nyt.dk\/blog\/wp-json\/wp\/v2\/posts\/16308\/revisions"}],"predecessor-version":[{"id":108169,"href":"https:\/\/df-nyt.dk\/blog\/wp-json\/wp\/v2\/posts\/16308\/revisions\/108169"}],"wp:attachment":[{"href":"https:\/\/df-nyt.dk\/blog\/wp-json\/wp\/v2\/media?parent=16308"}],"wp:term":[{"taxonomy":"category","embeddable":true,"href":"https:\/\/df-nyt.dk\/blog\/wp-json\/wp\/v2\/categories?post=16308"},{"taxonomy":"post_tag","embeddable":true,"href":"https:\/\/df-nyt.dk\/blog\/wp-json\/wp\/v2\/tags?post=16308"}],"curies":[{"name":"wp","href":"https:\/\/api.w.org\/{rel}","templated":true}]}}