{"id":16314,"date":"2011-02-06T12:09:23","date_gmt":"2011-02-06T11:09:23","guid":{"rendered":"http:\/\/df-nyt.dk\/?p=16314"},"modified":"2025-07-07T14:46:21","modified_gmt":"2025-07-07T12:46:21","slug":"marianne-forsberg-og-de-konservative-dodspatruljer","status":"publish","type":"post","link":"https:\/\/df-nyt.dk\/blog\/marianne-forsberg-og-de-konservative-dodspatruljer\/","title":{"rendered":"Marianne Forsberg og de &#8220;konservative&#8221; d\u00f8dspatruljer?"},"content":{"rendered":"<p><img loading=\"lazy\" decoding=\"async\" class=\"size-full alignnone\" title=\"310120112249\" src=\"https:\/\/df-nyt.dk\/blog\/wp-content\/uploads\/310120112249.png\" alt=\"\" width=\"439\" height=\"68\" \/><br \/>\nMarianne Forsberg og de \u201ckonservative\u201d d\u00f8dspatruljer?<br \/>\n&#8216;D\u00f8dspatruljer er grupper der udenfor retssystemet henretter eller dr\u00e6ber personer de mener er politisk up\u00e5lidelige eller u\u00f8nskede. Kan man l\u00e6se p\u00e5 \/\/leksikon.org<br \/>\n\/\/www.leksikon.org\/art.php?n=5059&#8243; <\/p>\n<p>Hvor man forts\u00e6tter med f\u00f8lgende.<br \/>\nD\u00f8dspatruljers motiver kan endvidere hentes i religion eller race.<\/p>\n<p>Form\u00e5let er ikke blot fysisk eliminering men ogs\u00e5 at sprede terror i bestemte befolkningsgrupper.<\/p>\n<p>D\u00f8dspatruljer adskiller sig fra terrorgrupper ved at de ofte er t\u00e6t knyttet til en regering:<\/p>\n<p>&#8211; ved at regering direkte har oprette gruppen &#8211; ofte med udgangspunkt i eksisterende politi eller milit\u00e6rstyrker<\/p>\n<p>&#8211; ved at den st\u00f8ttes eller beskyttes af myndighederne<br \/>\n&#8211; eller i det mindste ikke efterforskes eller retsforf\u00f8lges<\/p>\n<p>D\u00f8dspatruljer er historisk blevet dannet b\u00e5de i diktaturer og i demokratier med det form\u00e5l at udrydde eller terrorisere politiske modstandere, som det ville v\u00e6re tidsr\u00f8vende, vanskeligt eller umuligt at s\u00e6tte ud af spillet gennem det traditionelle retssystem, og hvor regimet omvendt heller ikke har \u00f8nsket at st\u00e5 som direkte ansvarlig for overgrebene.&#8217;<br \/>\nKilde: leksikon.org<br \/>\n\/\/www.leksikon.org\/art.php?n=5059&#8243; <\/p>\n<p>F\u00f8rst et Sceendump fra Facebookgruppen &#8230;<\/p>\n<p><img loading=\"lazy\" decoding=\"async\" class=\"size-full alignnone\" title=\"060220111154\" src=\"https:\/\/df-nyt.dk\/blog\/wp-content\/uploads\/060220111154.png\" alt=\"\" width=\"537\" height=\"825\" \/><\/p>\n<p><a href=\"https:\/\/df-nyt.dk\/blog\/wp-content\/uploads\/060220111203.png\"><img loading=\"lazy\" decoding=\"async\" class=\"alignleft size-full wp-image-16316\" title=\"060220111203\" src=\"https:\/\/df-nyt.dk\/blog\/wp-content\/uploads\/060220111203.png\" alt=\"\" width=\"120\" height=\"159\" \/><\/a><\/p>\n<p>L\u00e6s s\u00e5:<\/p>\n<p><a href=\"http:\/\/shansensblog.blogspot.com\/2010\/02\/nar-dfer-hader-ja-til-stormoskeer.html\" target=\"_blank\" rel=\"noopener\"><span style=\"text-decoration: underline;\">N\u00e5r DFer hader : Ja til stormoskeer udl\u00f8ser terror og chikane trussler mod danske muslimer<\/span><\/a><\/p>\n<p><a href=\"http:\/\/df-nyt.dk\/?p=16208\"><span style=\"text-decoration: underline;\">Forsberg og den konservative glidebane<\/span> <\/a><\/p>\n<p><a href=\"http:\/\/df-nyt.dk\/?p=16163\" target=\"_blank\" rel=\"noopener\"><span style=\"text-decoration: underline;\">Er slet ikke nogen der skal sl\u00e5s ihjel, Marianne Forsberg?<\/span><\/a><\/p>\n<p><a href=\"http:\/\/df-nyt.dk\/?p=15713\" target=\"_blank\" rel=\"noopener\"><span style=\"text-decoration: underline;\">Et indblik i demonstrationen mod Hizb ut-Tahrir\u2019s debatm\u00f8de \u2013 21\/1 2011<\/span><\/a><\/p>\n<p>\/\/raapil.dk:80\/2011\/02\/01\/dokumentation-her-gar-marianne-forsberg-grassat\/&#8221;<br \/>\nDokumentation: Her g\u00e5r Marianne Forsberg grassat<\/p>\n<p>Arne W. Petersen var ogs\u00e5 deltager i den FaceBook-debat, som er omtalt p\u00e5 \/\/raapil.dk<\/p>\n<p><img loading=\"lazy\" decoding=\"async\" class=\"size-full  alignnone\" title=\"030220111918\" src=\"https:\/\/df-nyt.dk\/blog\/wp-content\/uploads\/030220111918.png\" alt=\"\" width=\"394\" height=\"461\" \/><br \/>\n&nbsp;<\/p>\n","protected":false},"excerpt":{"rendered":"<p>Marianne Forsberg og de \u201ckonservative\u201d d\u00f8dspatruljer? &#8216;D\u00f8dspatruljer er grupper der udenfor retssystemet henretter eller dr\u00e6ber personer de mener er politisk up\u00e5lidelige eller u\u00f8nskede. Kan man l\u00e6se p\u00e5 \/\/leksikon.org \/\/www.leksikon.org\/art.php?n=5059&#8243; Hvor man forts\u00e6tter med f\u00f8lgende. D\u00f8dspatruljers motiver kan endvidere hentes i religion eller race. Form\u00e5let er ikke blot fysisk eliminering men ogs\u00e5 at sprede terror i [&hellip;]<\/p>\n","protected":false},"author":10,"featured_media":0,"comment_status":"open","ping_status":"closed","sticky":false,"template":"","format":"standard","meta":{"footnotes":""},"categories":[1],"tags":[],"class_list":["post-16314","post","type-post","status-publish","format-standard","hentry","category-df-nyt-dk"],"_links":{"self":[{"href":"https:\/\/df-nyt.dk\/blog\/wp-json\/wp\/v2\/posts\/16314","targetHints":{"allow":["GET"]}}],"collection":[{"href":"https:\/\/df-nyt.dk\/blog\/wp-json\/wp\/v2\/posts"}],"about":[{"href":"https:\/\/df-nyt.dk\/blog\/wp-json\/wp\/v2\/types\/post"}],"author":[{"embeddable":true,"href":"https:\/\/df-nyt.dk\/blog\/wp-json\/wp\/v2\/users\/10"}],"replies":[{"embeddable":true,"href":"https:\/\/df-nyt.dk\/blog\/wp-json\/wp\/v2\/comments?post=16314"}],"version-history":[{"count":4,"href":"https:\/\/df-nyt.dk\/blog\/wp-json\/wp\/v2\/posts\/16314\/revisions"}],"predecessor-version":[{"id":98944,"href":"https:\/\/df-nyt.dk\/blog\/wp-json\/wp\/v2\/posts\/16314\/revisions\/98944"}],"wp:attachment":[{"href":"https:\/\/df-nyt.dk\/blog\/wp-json\/wp\/v2\/media?parent=16314"}],"wp:term":[{"taxonomy":"category","embeddable":true,"href":"https:\/\/df-nyt.dk\/blog\/wp-json\/wp\/v2\/categories?post=16314"},{"taxonomy":"post_tag","embeddable":true,"href":"https:\/\/df-nyt.dk\/blog\/wp-json\/wp\/v2\/tags?post=16314"}],"curies":[{"name":"wp","href":"https:\/\/api.w.org\/{rel}","templated":true}]}}