{"id":16343,"date":"2011-02-07T11:50:51","date_gmt":"2011-02-07T10:50:51","guid":{"rendered":"http:\/\/df-nyt.dk\/?p=16343"},"modified":"2025-07-02T23:15:09","modified_gmt":"2025-07-02T21:15:09","slug":"julekort-fra-tina-petersen-dansk-folkeparti","status":"publish","type":"post","link":"https:\/\/df-nyt.dk\/blog\/julekort-fra-tina-petersen-dansk-folkeparti\/","title":{"rendered":"Julekort fra Tina Petersen Dansk Folkeparti"},"content":{"rendered":"<p><img loading=\"lazy\" decoding=\"async\" class=\"alignleft size-full wp-image-16346\" title=\"070220111146\" src=\"https:\/\/df-nyt.dk\/blog\/wp-content\/uploads\/070220111146.png\" alt=\"\" width=\"162\" height=\"115\" \/><br \/>\n&nbsp;<br \/>\nJulekort fra Tina Petersen Dansk Folkeparti<br \/>\nDet kan v\u00e6re sv\u00e6rt at forholde sig til\u00a0konsekvenserne\u00a0af ens eget partis\u00a0beslutninger.<\/p>\n<p>Den tanke kan man nemt f\u00e5 n\u00e5r man l\u00e6ser dialogen mellem trofaste tilh\u00e6ngere af Dansk Fokleparti.<\/p>\n<p>Ingen af dem kommer nemlig ind p\u00e5 den faktuelle kendsgerning, at Dansk Folkeparti selv har v\u00e6ret med til at beslutte at Post Danmark skulle privatiseres.<\/p>\n<p>Det offentliggjorde statsminister Anders Fogh Rasmussen (V) tirsdag 29. jan. 2002. ved sit ugentlige pressem\u00f8de<br \/>\n\/\/politiken.dk\/indland\/ECE24914\/post-danmark-skal-privatiseres\/&#8221;<\/p>\n<p>Man regnede med at et frasalg af statsvirksomheden, ville kunne indbringe 15 milliarder kr. til statskassen.<br \/>\n\/\/www.mm.dk\/salg-af-post-danmark-kan-give-15-milliarder-kr-til-statskassen&#8221;<\/p>\n<p>Om man har brugt de mange penge til skattelettelser til velhavere, til sp\u00e6ndende udviklende <span style=\"text-decoration: underline;\"><a href=\"http:\/\/df-nyt.dk\/?p=11392\">aktivering<\/a><\/span> eller til <span style=\"text-decoration: underline;\"><a href=\"http:\/\/df-nyt.dk\/?p=16057\">jobcentre<\/a><\/span> &#8211; til de mange som er blevet <span style=\"text-decoration: underline;\"><a href=\"http:\/\/df-nyt.dk\/?page_id=4727\">arbejdsl\u00f8se<\/a><\/span>, vides ikke.<\/p>\n<p>Men vi kan nok blive enige om, at de ikke er blevet brugt til at h\u00f8jne skoleelevers<span style=\"text-decoration: underline;\"><a href=\"http:\/\/df-nyt.dk\/?p=16296\"> faglige niveau.<\/a><\/span><\/p>\n<p><img loading=\"lazy\" decoding=\"async\" class=\"alignleft size-full \" title=\"070220111107\" src=\"https:\/\/df-nyt.dk\/blog\/wp-content\/uploads\/070220111107.png\" alt=\"\" width=\"460\" height=\"820\" \/><\/p>\n<p>Kilde: \/\/www.facebook.com\/tonni.dalmose?sk=wall&#8221;<br \/>\nTonni Dalmoses offentlige Facebook v\u00e6g<\/p>\n","protected":false},"excerpt":{"rendered":"<p>&nbsp; Julekort fra Tina Petersen Dansk Folkeparti Det kan v\u00e6re sv\u00e6rt at forholde sig til\u00a0konsekvenserne\u00a0af ens eget partis\u00a0beslutninger. Den tanke kan man nemt f\u00e5 n\u00e5r man l\u00e6ser dialogen mellem trofaste tilh\u00e6ngere af Dansk Fokleparti. Ingen af dem kommer nemlig ind p\u00e5 den faktuelle kendsgerning, at Dansk Folkeparti selv har v\u00e6ret med til at beslutte at [&hellip;]<\/p>\n","protected":false},"author":10,"featured_media":0,"comment_status":"open","ping_status":"closed","sticky":false,"template":"","format":"standard","meta":{"footnotes":""},"categories":[1],"tags":[],"class_list":["post-16343","post","type-post","status-publish","format-standard","hentry","category-df-nyt-dk"],"_links":{"self":[{"href":"https:\/\/df-nyt.dk\/blog\/wp-json\/wp\/v2\/posts\/16343","targetHints":{"allow":["GET"]}}],"collection":[{"href":"https:\/\/df-nyt.dk\/blog\/wp-json\/wp\/v2\/posts"}],"about":[{"href":"https:\/\/df-nyt.dk\/blog\/wp-json\/wp\/v2\/types\/post"}],"author":[{"embeddable":true,"href":"https:\/\/df-nyt.dk\/blog\/wp-json\/wp\/v2\/users\/10"}],"replies":[{"embeddable":true,"href":"https:\/\/df-nyt.dk\/blog\/wp-json\/wp\/v2\/comments?post=16343"}],"version-history":[{"count":5,"href":"https:\/\/df-nyt.dk\/blog\/wp-json\/wp\/v2\/posts\/16343\/revisions"}],"predecessor-version":[{"id":104789,"href":"https:\/\/df-nyt.dk\/blog\/wp-json\/wp\/v2\/posts\/16343\/revisions\/104789"}],"wp:attachment":[{"href":"https:\/\/df-nyt.dk\/blog\/wp-json\/wp\/v2\/media?parent=16343"}],"wp:term":[{"taxonomy":"category","embeddable":true,"href":"https:\/\/df-nyt.dk\/blog\/wp-json\/wp\/v2\/categories?post=16343"},{"taxonomy":"post_tag","embeddable":true,"href":"https:\/\/df-nyt.dk\/blog\/wp-json\/wp\/v2\/tags?post=16343"}],"curies":[{"name":"wp","href":"https:\/\/api.w.org\/{rel}","templated":true}]}}