{"id":16406,"date":"2011-02-08T10:28:45","date_gmt":"2011-02-08T09:28:45","guid":{"rendered":"http:\/\/df-nyt.dk\/?p=16406"},"modified":"2024-09-26T14:26:24","modified_gmt":"2024-09-26T12:26:24","slug":"regeringens-manglende-kulturpolitik-giver-nu-s%c3%b8rgelige-resultater","status":"publish","type":"post","link":"https:\/\/df-nyt.dk\/blog\/regeringens-manglende-kulturpolitik-giver-nu-s%c3%b8rgelige-resultater\/","title":{"rendered":"Regeringens manglende kulturpolitik giver nu s\u00f8rgelige resultater!"},"content":{"rendered":"<p><img loading=\"lazy\" decoding=\"async\" class=\"alignleft size-full \" title=\"080220111027\" src=\"https:\/\/df-nyt.dk\/\/wp-content\/uploads\/080220111027.png\" alt=\"\" width=\"276\" height=\"204\" \/><br \/>\nForleden lukkede Det Kongelige Teater ned for aktiviteterne.<\/p>\n<p>60 fyringer og 100 aflyste forestillinger.<\/p>\n<p>Skriver SF i sin pressemeddelelse -Og forts\u00e6tter<br \/>\nI dag kommer udmeldingen fra Kunstakademiet om at 6 ud af 45 medarbejdere skal fyres og det v\u00e6rksted, hvor i sin tid Bj\u00f8rn N\u00f8rg\u00e5rd slog sine f\u00f8rste penselstr\u00f8g lukker.<\/p>\n<p>Akademiet, hvor Eckersberg arbejdede, er i krise.<br \/>\nDet er et resultat af \u00e5rs nedslidning af vores kulturinstitotioner, som sl\u00e5r ud i \u00e5r.<\/p>\n<p>De faste nedbarberede budgetter og den manglende regulering i forhold til stigende udgifter, er g\u00e5et godt i en \u00e5rr\u00e6kke, men alle har kunnet forudsige, at det i l\u00e6ngden ikke holder, at k\u00f8re kultur p\u00e5 v\u00e5geblus.<\/p>\n<p>Det er en katastrofe, fordi den ekspertice og viden, som er tilknyttet disse institutioner, er opbygget gennem flere \u00e5r \u2013 ja nogen steder gennem generationer.<\/p>\n<p>Det tager kun 5 minutter at tage en beslutning om at lukke ned, men det vil tage mange \u00e5r at bygge op igen \u2013 og ikke alt kan erstattes.<\/p>\n<p>Lukkes et enkelt v\u00e6rksted eller fyres en enkelt afdeling betyder det optr\u00e6vling af videns netv\u00e6rker, som ikke erstattes nogensinde.<\/p>\n<p>Jeg anklager regeringen for at svigte . Ikke kun i forhold til kunst og kultur, men i forhold til hele Danmarks fremtidige \u00f8konomiske grundlag.<\/p>\n<p>Den \u00f8konomiske udvikling i oplevelses\u00f8konomien har v\u00e6ret stigende i alle \u00e5rene ogs\u00e5 under finanskrisen, og den har sit udspring i den kunst og kultur, som regeringen har sl\u00e5et h\u00e5nden af. Det er en vigtig del af det, Danmark skal leveaf i fremtiden. Det er en del af vores internationale brand.<\/p>\n<p>Uden kultur og kunst g\u00e5r Danmark i st\u00e5. Skriver SF i sin pressemeddelelse.<\/p>\n<p>For yderlig l\u00e6sning<\/p>\n<p><a href=\"http:\/\/sf.dk\/\" target=\"_blank\" rel=\"noopener noreferrer\"><u>Se seneste nyt fra SF her<\/u><\/a><\/p>\n","protected":false},"excerpt":{"rendered":"<p>Forleden lukkede Det Kongelige Teater ned for aktiviteterne. 60 fyringer og 100 aflyste forestillinger. Skriver SF i sin pressemeddelelse -Og forts\u00e6tter I dag kommer udmeldingen fra Kunstakademiet om at 6 ud af 45 medarbejdere skal fyres og det v\u00e6rksted, hvor i sin tid Bj\u00f8rn N\u00f8rg\u00e5rd slog sine f\u00f8rste penselstr\u00f8g lukker. Akademiet, hvor Eckersberg arbejdede, er [&hellip;]<\/p>\n","protected":false},"author":10,"featured_media":0,"comment_status":"open","ping_status":"closed","sticky":false,"template":"","format":"standard","meta":{"footnotes":""},"categories":[1],"tags":[],"class_list":["post-16406","post","type-post","status-publish","format-standard","hentry","category-df-nyt-dk"],"_links":{"self":[{"href":"https:\/\/df-nyt.dk\/blog\/wp-json\/wp\/v2\/posts\/16406","targetHints":{"allow":["GET"]}}],"collection":[{"href":"https:\/\/df-nyt.dk\/blog\/wp-json\/wp\/v2\/posts"}],"about":[{"href":"https:\/\/df-nyt.dk\/blog\/wp-json\/wp\/v2\/types\/post"}],"author":[{"embeddable":true,"href":"https:\/\/df-nyt.dk\/blog\/wp-json\/wp\/v2\/users\/10"}],"replies":[{"embeddable":true,"href":"https:\/\/df-nyt.dk\/blog\/wp-json\/wp\/v2\/comments?post=16406"}],"version-history":[{"count":2,"href":"https:\/\/df-nyt.dk\/blog\/wp-json\/wp\/v2\/posts\/16406\/revisions"}],"predecessor-version":[{"id":104884,"href":"https:\/\/df-nyt.dk\/blog\/wp-json\/wp\/v2\/posts\/16406\/revisions\/104884"}],"wp:attachment":[{"href":"https:\/\/df-nyt.dk\/blog\/wp-json\/wp\/v2\/media?parent=16406"}],"wp:term":[{"taxonomy":"category","embeddable":true,"href":"https:\/\/df-nyt.dk\/blog\/wp-json\/wp\/v2\/categories?post=16406"},{"taxonomy":"post_tag","embeddable":true,"href":"https:\/\/df-nyt.dk\/blog\/wp-json\/wp\/v2\/tags?post=16406"}],"curies":[{"name":"wp","href":"https:\/\/api.w.org\/{rel}","templated":true}]}}