{"id":16449,"date":"2011-02-09T09:30:15","date_gmt":"2011-02-09T08:30:15","guid":{"rendered":"http:\/\/df-nyt.dk\/?p=16449"},"modified":"2025-07-14T13:35:52","modified_gmt":"2025-07-14T11:35:52","slug":"qureshi-hizb-ut-tahrir-skader-danmark","status":"publish","type":"post","link":"https:\/\/df-nyt.dk\/blog\/qureshi-hizb-ut-tahrir-skader-danmark\/","title":{"rendered":"Qureshi: Hizb Ut-Tahrir skader Danmark"},"content":{"rendered":"<p><img loading=\"lazy\" decoding=\"async\" class=\"alignleft  \" title=\"090220110929\" src=\"https:\/\/df-nyt.dk\/blog\/wp-content\/uploads\/090220110929.png\" alt=\"\" width=\"199\" height=\"148\" \/><\/p>\n<p>Kamal Qureshi reagerer kraftigt p\u00e5 Hizb Ut-Tahrir-opfordring til drab p\u00e5 j\u00f8der beskrevet i dagbladet BT. \/\/www.bt.dk\/danmark\/labans-fanatiske-soen-vil-draebe-joeder&#8221;<\/p>\n<p>\u201dDet er totalt afstumpet, udtryk for en skr\u00e6mmende tankegang og dybt skadeligt for sammenh\u00e6ngskraften i Danmark, n\u00e5r Hizb Ut-Tahrir-medlemmer opfordrer til drab p\u00e5 j\u00f8der.<\/p>\n<p>Det h\u00f8rer ingen steder hjemme i den danske debat\u201d, mener SF\u2019s menneskerettighedsordf\u00f8rer Kamal Qureshi.<\/p>\n<p>Kamal Qureshi vil bede justitsministeren om en juridisk vurdering af udtalelserne og ligeledes bede ministeren forholde sig til, hvordan politiet kan blive bedre til at reagere proaktivt i forhold til \u2019hate speech\u2019 og tilsvarende forbrydelser, som finder sted p\u00e5 nettet.<\/p>\n<p>\u201dInternettet er blevet et sted, hvor man &#8211; selv med navns n\u00e6vnelse &#8211; kan frems\u00e6tte alverdens ekstreme holdninger, uden der bliver reageret p\u00e5 det.<\/p>\n<p>Det er dybt problematisk, fordi der finder en mobilisering og forr\u00e5else sted.<\/p>\n<p>Det skal vi reagere p\u00e5&#8221;, siger SF\u2019s Kamal Qureshi. If\u00f8lge pressemeddelelsen fra SF.<\/p>\n<p>L\u00e6s flere nyheder fra SF p\u00e5p deres hjemmeside &#8230; <a href=\"http:\/\/www.sf.dk\"><span style=\"text-decoration: underline;\">\/\/.sf.dk\/seneste-nyt<\/span><\/a><\/p>\n<hr \/>\n<p>L\u00e6s ogs\u00e5:<br \/>\n<a href=\"http:\/\/df-nyt.dk\/?p=16314\"><span style=\"text-decoration: underline;\">Marianne Forsberg og de \u201ckonservative\u201d d\u00f8dspatruljer? <\/span><\/a><\/p>\n<hr \/>\n<p>&nbsp;<\/p>\n","protected":false},"excerpt":{"rendered":"<p>Kamal Qureshi reagerer kraftigt p\u00e5 Hizb Ut-Tahrir-opfordring til drab p\u00e5 j\u00f8der beskrevet i dagbladet BT. \/\/www.bt.dk\/danmark\/labans-fanatiske-soen-vil-draebe-joeder&#8221; \u201dDet er totalt afstumpet, udtryk for en skr\u00e6mmende tankegang og dybt skadeligt for sammenh\u00e6ngskraften i Danmark, n\u00e5r Hizb Ut-Tahrir-medlemmer opfordrer til drab p\u00e5 j\u00f8der. Det h\u00f8rer ingen steder hjemme i den danske debat\u201d, mener SF\u2019s menneskerettighedsordf\u00f8rer Kamal Qureshi. Kamal [&hellip;]<\/p>\n","protected":false},"author":10,"featured_media":0,"comment_status":"open","ping_status":"closed","sticky":false,"template":"","format":"standard","meta":{"footnotes":""},"categories":[1],"tags":[],"class_list":["post-16449","post","type-post","status-publish","format-standard","hentry","category-df-nyt-dk"],"_links":{"self":[{"href":"https:\/\/df-nyt.dk\/blog\/wp-json\/wp\/v2\/posts\/16449","targetHints":{"allow":["GET"]}}],"collection":[{"href":"https:\/\/df-nyt.dk\/blog\/wp-json\/wp\/v2\/posts"}],"about":[{"href":"https:\/\/df-nyt.dk\/blog\/wp-json\/wp\/v2\/types\/post"}],"author":[{"embeddable":true,"href":"https:\/\/df-nyt.dk\/blog\/wp-json\/wp\/v2\/users\/10"}],"replies":[{"embeddable":true,"href":"https:\/\/df-nyt.dk\/blog\/wp-json\/wp\/v2\/comments?post=16449"}],"version-history":[{"count":3,"href":"https:\/\/df-nyt.dk\/blog\/wp-json\/wp\/v2\/posts\/16449\/revisions"}],"predecessor-version":[{"id":109036,"href":"https:\/\/df-nyt.dk\/blog\/wp-json\/wp\/v2\/posts\/16449\/revisions\/109036"}],"wp:attachment":[{"href":"https:\/\/df-nyt.dk\/blog\/wp-json\/wp\/v2\/media?parent=16449"}],"wp:term":[{"taxonomy":"category","embeddable":true,"href":"https:\/\/df-nyt.dk\/blog\/wp-json\/wp\/v2\/categories?post=16449"},{"taxonomy":"post_tag","embeddable":true,"href":"https:\/\/df-nyt.dk\/blog\/wp-json\/wp\/v2\/tags?post=16449"}],"curies":[{"name":"wp","href":"https:\/\/api.w.org\/{rel}","templated":true}]}}