{"id":16464,"date":"2011-02-09T14:24:55","date_gmt":"2011-02-09T13:24:55","guid":{"rendered":"http:\/\/df-nyt.dk\/?p=16464"},"modified":"2016-09-10T14:11:22","modified_gmt":"2016-09-10T12:11:22","slug":"regeringen-har-ikke-laengere-en-natur-og-miljopolitik","status":"publish","type":"post","link":"https:\/\/df-nyt.dk\/blog\/regeringen-har-ikke-laengere-en-natur-og-miljopolitik\/","title":{"rendered":"Regeringen har ikke l\u00e6ngere en natur- og milj\u00f8politik"},"content":{"rendered":"<p><strong><a href=\"https:\/\/df-nyt.dk\/blog\/wp-content\/uploads\/0112201017431.png\"><img loading=\"lazy\" decoding=\"async\" class=\"alignleft size-full wp-image-12736\" title=\"011220101743\" src=\"https:\/\/df-nyt.dk\/blog\/wp-content\/uploads\/0112201017431.png\" alt=\"\" width=\"90\" height=\"91\" \/><\/a><\/strong><\/p>\n<p><strong>Milj\u00f8ministerens udmelding om at udskyde centrale milj\u00f8m\u00e5l i 12 \u00e5r er det endelige d\u00f8dsst\u00f8d for regeringens varetagelse af natur- og milj\u00f8interesser.<\/strong><\/p>\n<p>Skriver de Radikale i en perssemeddelse &#8211;\u00a0Og forts\u00e6tter med f\u00f8lgende.<\/p>\n<p>Radikale Venstres milj\u00f8ordf\u00f8rer, Johs. Poulsen, konstaterer, at Milj\u00f8ministeriet de facto er overtaget af Henrik H\u00f8egs F\u00f8devareministerium og s\u00e6tter landbrugets interesser over milj\u00f8et.<\/p>\n<p>Milj\u00f8minister Karen Ellemann og Venstre g\u00f8r det totale kn\u00e6fald for landbruget, n\u00e5r hun udskyder regerings m\u00e5ls\u00e6tning om at reducere landbrugets udvaskning af kv\u00e6lstof med 19.000 tons fra 2015 til 2027.<\/p>\n<p>&#8220;Milj\u00f8ministerens udmelding sl\u00e5r det sidste s\u00f8m i kisten for regeringens milj\u00f8politik.<\/p>\n<p>En udskydelse af milj\u00f8m\u00e5lene tilgodeser udelukkende sn\u00e6vre interesser inden for industrilandbruget.<\/p>\n<p>Det er samtidig en h\u00e5n mod den gr\u00f8nne profil, som Connie Hedegaard pr\u00f8vede at tegne i regeringens unge \u00e5r.<\/p>\n<p>Derfor er ydmygelsen af de Konservatives s\u00e5kaldte gr\u00f8nne isl\u00e6t i regeringen nu total,&#8221; siger Johs. Poulsen, Radikale Venstres milj\u00f8ordf\u00f8rer, og forts\u00e6tter:<\/p>\n<p>&#8220;Danmark har hverken en holdbar natur- og milj\u00f8politik eller et egentligt milj\u00f8ministerium.<\/p>\n<p>Det er i stedet blevet overtaget af Henrik H\u00f8egs f\u00f8devareministerium.<\/p>\n<p>N\u00e5r man laver en gr\u00f8n plan for Danmark, s\u00e5 nytter det ikke noget, at man kun giver lempelserne til landbruget, mens alt det der skal forbedre milj\u00f8et rulles tilbage.<\/p>\n<p>Det betyder, at vi i dag st\u00e5r men en milj\u00f8politik, der kun g\u00f8r Danmarks natur endnu ringere, end den var i forvejen,&#8221; siger Johs. Poulsen.<\/p>\n<p>&#8220;Venstre er dermed blevet 100 procent interesseorganisation for landbruget, og regeringen har givet k\u00f8b p\u00e5 alle gr\u00f8nne ambitioner.<\/p>\n<p>Derfor kommer folketingsvalget ogs\u00e5 til at blive et valg om, om vi overhovedet skal have en natur- og milj\u00f8politik eller ej,&#8221; siger Johs. Poulsen. If\u00f8lge en pressemeddelse fra de Radikale.<\/p>\n<p><span style=\"text-decoration: underline;\"><strong><a href=\"http:\/\/www.radikale.dk\/\" target=\"_blank\">L\u00e6s flere nyheder HER <\/a><\/strong><\/span><\/p>\n","protected":false},"excerpt":{"rendered":"<p>Milj\u00f8ministerens udmelding om at udskyde centrale milj\u00f8m\u00e5l i 12 \u00e5r er det endelige d\u00f8dsst\u00f8d for regeringens varetagelse af natur- og milj\u00f8interesser. Skriver de Radikale i en perssemeddelse &#8211;\u00a0Og forts\u00e6tter med f\u00f8lgende. Radikale Venstres milj\u00f8ordf\u00f8rer, Johs. Poulsen, konstaterer, at Milj\u00f8ministeriet de facto er overtaget af Henrik H\u00f8egs F\u00f8devareministerium og s\u00e6tter landbrugets interesser over milj\u00f8et. Milj\u00f8minister Karen [&hellip;]<\/p>\n","protected":false},"author":10,"featured_media":0,"comment_status":"open","ping_status":"closed","sticky":false,"template":"","format":"standard","meta":{"footnotes":""},"categories":[1],"tags":[],"class_list":["post-16464","post","type-post","status-publish","format-standard","hentry","category-df-nyt-dk"],"_links":{"self":[{"href":"https:\/\/df-nyt.dk\/blog\/wp-json\/wp\/v2\/posts\/16464","targetHints":{"allow":["GET"]}}],"collection":[{"href":"https:\/\/df-nyt.dk\/blog\/wp-json\/wp\/v2\/posts"}],"about":[{"href":"https:\/\/df-nyt.dk\/blog\/wp-json\/wp\/v2\/types\/post"}],"author":[{"embeddable":true,"href":"https:\/\/df-nyt.dk\/blog\/wp-json\/wp\/v2\/users\/10"}],"replies":[{"embeddable":true,"href":"https:\/\/df-nyt.dk\/blog\/wp-json\/wp\/v2\/comments?post=16464"}],"version-history":[{"count":0,"href":"https:\/\/df-nyt.dk\/blog\/wp-json\/wp\/v2\/posts\/16464\/revisions"}],"wp:attachment":[{"href":"https:\/\/df-nyt.dk\/blog\/wp-json\/wp\/v2\/media?parent=16464"}],"wp:term":[{"taxonomy":"category","embeddable":true,"href":"https:\/\/df-nyt.dk\/blog\/wp-json\/wp\/v2\/categories?post=16464"},{"taxonomy":"post_tag","embeddable":true,"href":"https:\/\/df-nyt.dk\/blog\/wp-json\/wp\/v2\/tags?post=16464"}],"curies":[{"name":"wp","href":"https:\/\/api.w.org\/{rel}","templated":true}]}}