{"id":16476,"date":"2011-02-10T10:21:45","date_gmt":"2011-02-10T09:21:45","guid":{"rendered":"http:\/\/df-nyt.dk\/?p=16476"},"modified":"2016-05-31T15:16:54","modified_gmt":"2016-05-31T13:16:54","slug":"r-f%c3%a6ngsling-af-torturofre-strider-mod-menneskerettighederne","status":"publish","type":"post","link":"https:\/\/df-nyt.dk\/blog\/r-f%c3%a6ngsling-af-torturofre-strider-mod-menneskerettighederne\/","title":{"rendered":"R: F\u00e6ngsling af torturofre strider mod menneskerettighederne"},"content":{"rendered":"<p>&nbsp;<\/p>\n<p><strong>Amnesty International har gennem flere m\u00e5neder unders\u00f8gt forholdene for f\u00e6ngslede asylans\u00f8gere i Elleb\u00e6k f\u00e6ngsel.<\/strong><\/p>\n<p>Det viser sig, at alvorligt psykisk syge, torturofre og handlede kvinder alt for ofte ender i Elleb\u00e6k, hvor de sidder f\u00e6ngslet p\u00e5 ubestemt tid.<\/p>\n<p>Det er aldeles uacceptabelt og i strid med menneskerettighedskonventionerne, at s\u00e5rbare mennesker f\u00e6ngsles p\u00e5 den m\u00e5de, mener Marianne Jelved, integrationsordf\u00f8rer for Radikale Venstre.<\/p>\n<p>&#8220;Det kan aldrig forsvares, at danske myndigheder bruger un\u00f8digt grove midler mod s\u00e5 s\u00e5rbare mennesker, som Amnesty International beretter om.<\/p>\n<p>Det er et klart brud p\u00e5 de konventioner, hvor reglen er, at der skal bruges &#8220;de mindst indgribende foranstaltninger&#8221; over for mennesker, der er syge. Mennesker, som har v\u00e6ret igennem barske traumatiserende forhold, inden de kom til Danmark,&#8221; siger Marianne Jelved.<\/p>\n<p>&#8220;Det kan have ganske alvorlige konsekvenser for disse s\u00e5rbare grupper at sidde f\u00e6ngslet.<\/p>\n<p>At f\u00e6ngsle torturofre kan blandt andet betyde, at de bliver re-traumatiseret.<\/p>\n<p>Det er klart, at der i stedet skal ske en ordentlig screeningsproces af asylans\u00f8gere, som man \u00f8nsker at frihedsber\u00f8ve.<\/p>\n<p>Den praksis vil jeg gerne opfordre integrationsministeren til at indsk\u00e6rpe overfor de relevante personer.<\/p>\n<p>Ellers g\u00f8r Danmark sig skyldig i at bryde menneskerettighedskonventionerne,&#8221; siger Marianne Jelved, og forts\u00e6tter:<\/p>\n<p>&#8220;I Danmark m\u00e5 man forvente, at politiet og Hiller\u00f8d Ret lever op til lovens ord om at foretage en egentlig retslig sagsbehandling og at bruge &#8220;de mindst indgribende foranstaltninger&#8221;, n\u00e5r udl\u00e6ndinges sager skal afpr\u00f8ves i retten.<\/p>\n<p>Det vil i praksis sige at bo i et asylcenter med meldepligt til politiet.<\/p>\n<p>De nuv\u00e6rende tilstande er forkastelige og m\u00e5 \u00e6ndres straks.<\/p>\n<p>Danmark er et retssamfund, og det m\u00e5 behandlingen af asylans\u00f8gere ogs\u00e5 vise,&#8221; siger Marianne Jelved. If\u00f8lge en pressemeddelse fra de Radikale.<\/p>\n<p><strong><a href=\"http:\/\/www.radikale.dk\"><span style=\"text-decoration: underline;\">L\u00e6s flere nyheder &#8230; HER<\/span> <\/a><\/strong><\/p>\n","protected":false},"excerpt":{"rendered":"<p>&nbsp; Amnesty International har gennem flere m\u00e5neder unders\u00f8gt forholdene for f\u00e6ngslede asylans\u00f8gere i Elleb\u00e6k f\u00e6ngsel. Det viser sig, at alvorligt psykisk syge, torturofre og handlede kvinder alt for ofte ender i Elleb\u00e6k, hvor de sidder f\u00e6ngslet p\u00e5 ubestemt tid. Det er aldeles uacceptabelt og i strid med menneskerettighedskonventionerne, at s\u00e5rbare mennesker f\u00e6ngsles p\u00e5 den m\u00e5de, [&hellip;]<\/p>\n","protected":false},"author":10,"featured_media":0,"comment_status":"open","ping_status":"closed","sticky":false,"template":"","format":"standard","meta":{"footnotes":""},"categories":[1],"tags":[],"class_list":["post-16476","post","type-post","status-publish","format-standard","hentry","category-df-nyt-dk"],"_links":{"self":[{"href":"https:\/\/df-nyt.dk\/blog\/wp-json\/wp\/v2\/posts\/16476","targetHints":{"allow":["GET"]}}],"collection":[{"href":"https:\/\/df-nyt.dk\/blog\/wp-json\/wp\/v2\/posts"}],"about":[{"href":"https:\/\/df-nyt.dk\/blog\/wp-json\/wp\/v2\/types\/post"}],"author":[{"embeddable":true,"href":"https:\/\/df-nyt.dk\/blog\/wp-json\/wp\/v2\/users\/10"}],"replies":[{"embeddable":true,"href":"https:\/\/df-nyt.dk\/blog\/wp-json\/wp\/v2\/comments?post=16476"}],"version-history":[{"count":0,"href":"https:\/\/df-nyt.dk\/blog\/wp-json\/wp\/v2\/posts\/16476\/revisions"}],"wp:attachment":[{"href":"https:\/\/df-nyt.dk\/blog\/wp-json\/wp\/v2\/media?parent=16476"}],"wp:term":[{"taxonomy":"category","embeddable":true,"href":"https:\/\/df-nyt.dk\/blog\/wp-json\/wp\/v2\/categories?post=16476"},{"taxonomy":"post_tag","embeddable":true,"href":"https:\/\/df-nyt.dk\/blog\/wp-json\/wp\/v2\/tags?post=16476"}],"curies":[{"name":"wp","href":"https:\/\/api.w.org\/{rel}","templated":true}]}}