{"id":16489,"date":"2011-02-10T16:45:40","date_gmt":"2011-02-10T15:45:40","guid":{"rendered":"http:\/\/df-nyt.dk\/?p=16489"},"modified":"2025-07-07T09:43:44","modified_gmt":"2025-07-07T07:43:44","slug":"sf-kr%c3%a6ver-justitsminister-ind-i-sagen-om-f%c3%a6ngslede-asylans%c3%b8gere","status":"publish","type":"post","link":"https:\/\/df-nyt.dk\/blog\/sf-kr%c3%a6ver-justitsminister-ind-i-sagen-om-f%c3%a6ngslede-asylans%c3%b8gere\/","title":{"rendered":"SF kr\u00e6ver justitsminister ind i sagen om f\u00e6ngslede asylans\u00f8gere"},"content":{"rendered":"<p><img loading=\"lazy\" decoding=\"async\" class=\"alignleft size-full \" title=\"100220111644\" src=\"https:\/\/df-nyt.dk\/blog\/wp-content\/uploads\/100220111644.png\" alt=\"\" width=\"272\" height=\"217\" \/><\/p>\n<p>Amnesty International kritiserer Danmark for at f\u00e6ngsle asylans\u00f8gere og afviste asylans\u00f8gere p\u00e5 ubestemt tid, hvis de ikke kan udsendes. Skriver SF i sin pressemeddelelse <\/p>\n<p>\u2013 og fors\u00e6tter<br \/>\nSF\u2019s integrationsordf\u00f8rer Astrid Krag vil have justitsministeren til at svare p\u00e5 Amnestys kritik og redeg\u00f8re for, hvilke andre muligheder der er end den problematiske f\u00e6ngsling.<\/p>\n<p>Astrid Krag udtaler: \u201dVi m\u00e5 tage Amnestys kritik meget alvorligt.<br \/>\nDet er ikke holdbart, at Danmark indesp\u00e6rrer personer p\u00e5 ubestemt tid, is\u00e6r ikke s\u00e5rbare mennesker.<\/p>\n<p>Amnesty fremh\u00e6ver, at der blandt de indsatte i Elleb\u00e6k er flere eksempler p\u00e5 psykisk s\u00e5rbare individer, handlede kvinder, gravide og torturofre.<\/p>\n<p>De b\u00f8r ikke sidde i f\u00e6ngsel, og jeg skulle mene, at der allerede i dag er andre muligheder, som man s\u00e5 \u00e5benbart ikke finder anledning til at bruge.\u201d<\/p>\n<p>Astrid Krag vil have justitsministeren til at unders\u00f8ge alternativer til f\u00e6ngsling, hvis myndighederne frygter, at en person g\u00e5r under jorden.<\/p>\n<p>\u201dHvis der er en risiko for, at folk g\u00e5r under jorden, s\u00e5 skal myndighederne selvf\u00f8lgelig handle, men der er andre l\u00f8sninger end indesp\u00e6rring.<\/p>\n<p>Jeg vil bede ministeren om at indsamle erfaringer fra andre lande og unders\u00f8ge, om man fx kan anvende elektroniske fodl\u00e6nker, som et mindre indgribende redskab.\u201d Skriver SF i pressemeddelelsen.<\/p>\n<p>For yderlig l\u00e6sning.<\/p>\n<p><a href=\"http:\/\/www.sf.dk\"><span style=\"text-decoration: underline;\">\/\/.sf.dk\/seneste-nyt<\/span><\/a><br \/>\n&nbsp;<br \/>\n<a href=\"https:\/\/www.greens-efa.eu\/\"><span style=\"text-decoration: underline;\"><se den Gr\u00f8nne gruppe i parlamentet der<\/strong><\/se><\/span><\/a><br \/>\n&nbsp;<\/p>\n","protected":false},"excerpt":{"rendered":"<p>Amnesty International kritiserer Danmark for at f\u00e6ngsle asylans\u00f8gere og afviste asylans\u00f8gere p\u00e5 ubestemt tid, hvis de ikke kan udsendes. Skriver SF i sin pressemeddelelse \u2013 og fors\u00e6tter SF\u2019s integrationsordf\u00f8rer Astrid Krag vil have justitsministeren til at svare p\u00e5 Amnestys kritik og redeg\u00f8re for, hvilke andre muligheder der er end den problematiske f\u00e6ngsling. Astrid Krag udtaler: [&hellip;]<\/p>\n","protected":false},"author":10,"featured_media":0,"comment_status":"open","ping_status":"closed","sticky":false,"template":"","format":"standard","meta":{"footnotes":""},"categories":[1],"tags":[],"class_list":["post-16489","post","type-post","status-publish","format-standard","hentry","category-df-nyt-dk"],"_links":{"self":[{"href":"https:\/\/df-nyt.dk\/blog\/wp-json\/wp\/v2\/posts\/16489","targetHints":{"allow":["GET"]}}],"collection":[{"href":"https:\/\/df-nyt.dk\/blog\/wp-json\/wp\/v2\/posts"}],"about":[{"href":"https:\/\/df-nyt.dk\/blog\/wp-json\/wp\/v2\/types\/post"}],"author":[{"embeddable":true,"href":"https:\/\/df-nyt.dk\/blog\/wp-json\/wp\/v2\/users\/10"}],"replies":[{"embeddable":true,"href":"https:\/\/df-nyt.dk\/blog\/wp-json\/wp\/v2\/comments?post=16489"}],"version-history":[{"count":3,"href":"https:\/\/df-nyt.dk\/blog\/wp-json\/wp\/v2\/posts\/16489\/revisions"}],"predecessor-version":[{"id":108698,"href":"https:\/\/df-nyt.dk\/blog\/wp-json\/wp\/v2\/posts\/16489\/revisions\/108698"}],"wp:attachment":[{"href":"https:\/\/df-nyt.dk\/blog\/wp-json\/wp\/v2\/media?parent=16489"}],"wp:term":[{"taxonomy":"category","embeddable":true,"href":"https:\/\/df-nyt.dk\/blog\/wp-json\/wp\/v2\/categories?post=16489"},{"taxonomy":"post_tag","embeddable":true,"href":"https:\/\/df-nyt.dk\/blog\/wp-json\/wp\/v2\/tags?post=16489"}],"curies":[{"name":"wp","href":"https:\/\/api.w.org\/{rel}","templated":true}]}}