{"id":16493,"date":"2011-02-10T21:20:59","date_gmt":"2011-02-10T20:20:59","guid":{"rendered":"http:\/\/df-nyt.dk\/?p=16493"},"modified":"2025-07-12T20:02:55","modified_gmt":"2025-07-12T18:02:55","slug":"sf-indkalder-ministre-i-samrad-om-slaveforhold-pa-arbejdsmarkedet","status":"publish","type":"post","link":"https:\/\/df-nyt.dk\/blog\/sf-indkalder-ministre-i-samrad-om-slaveforhold-pa-arbejdsmarkedet\/","title":{"rendered":"SF indkalder ministre i samr\u00e5d om slaveforhold p\u00e5 arbejdsmarkedet"},"content":{"rendered":"<p><img loading=\"lazy\" decoding=\"async\" class=\"alignleft size-full \" title=\"100220112120\" src=\"http:\/\/df-nyt.dk\/\/wp-content\/uploads\/100220112120.png\" alt=\"\" width=\"276\" height=\"213\" \/>DR&#8217;s afsl\u00f8ring torsdag aften af slavelignende forhold p\u00e5 dele af det danske arbejdsmarked, f\u00e5r SF til at kr\u00e6ve nye tiltag til at stoppe de umenneskelig forhold. Skriver SF i sin pressemeddelelse <\/p>\n<p>\u2013 og fors\u00e6tter<br \/>\n\u201dVi f\u00e5r kun stoppet menneskehandlen med udenlandske l\u00f8ntrykkere, hvis myndighederne arbejder bedre sammen med arbejdsmarkedets parter, og hvis der s\u00e6ttes ressourcer af til en f\u00e6lles kontrolenhed best\u00e5ende af skat, politi, arbejdstilsyn, der kan rykke hurtigt ud og bek\u00e6mpe menneskehandel,\u201d siger SF\u2019s ordf\u00f8rer for udenlandsk arbejdskraft Karsten H\u00f8nge.<\/p>\n<p>Karsten H\u00f8nge vil p\u00e5 baggrund af DR&#8217;s afsl\u00f8ringer indkalde skatte-, justits- og besk\u00e6ftigelsesministeren i samr\u00e5d for at dr\u00f8fte, hvordan en s\u00e5dan f\u00e6lles kontrolenhed kan blive etableret, og hvordan den bedst kan f\u00e5 hj\u00e6lp fra arbejdsmarkedets parter.<\/p>\n<p>Karsten H\u00f8nge foresl\u00e5r endvidere, at man s\u00e6tter ind for at forebygge menneskehandel med udenlandske l\u00f8ntrykkere.<\/p>\n<p>\u201dN\u00e5r det kan lykkes for nogen at lokke bulgarske m\u00e6nd til Danmark med l\u00f8fter om arbejde og god l\u00f8n og s\u00e5 ender med at knokle dagen lang til n\u00e6sten ingen l\u00f8n under trusler og t\u00e6sk, s\u00e5 skyldes det jo bl.a., at vi fors\u00f8mmer at oplyse de udenlandske arbejdere om det danske arbejdsmarked og deres rettigheder i Danmark.<\/p>\n<p>Derfor foresl\u00e5r SF, at der afs\u00e6ttes s\u00e6rlige midler til et s\u00e5dant forebyggende oplysningsarbejde, slutter Karsten H\u00f8nge.<\/p>\n<p>SF foresl\u00e5r endvidere, at der laves pulje til d\u00e6kning af nogle af fagforeningernes omkostninger ved at kontrollere l\u00f8n- og arbejdsforhold p\u00e5 arbejdspladser, der har udenlandsk arbejdskraft. Skriver SF i sin pressemeddelelse.<\/p>\n<p>For yderlig l\u00e6sning.<\/p>\n<p><a href=\"http:\/\/www.sf.dk\"><span style=\"text-decoration: underline;\">\/\/.sf.dk\/seneste-nyt<\/span><\/a><br \/>\n&nbsp;<br \/>\n<a href=\"https:\/\/www.greens-efa.eu\/\"><span style=\"text-decoration: underline;\">Se den Gr\u00f8nne gruppe i parlamentet der<\/span><\/a><\/p>\n","protected":false},"excerpt":{"rendered":"<p>DR&#8217;s afsl\u00f8ring torsdag aften af slavelignende forhold p\u00e5 dele af det danske arbejdsmarked, f\u00e5r SF til at kr\u00e6ve nye tiltag til at stoppe de umenneskelig forhold. Skriver SF i sin pressemeddelelse \u2013 og fors\u00e6tter \u201dVi f\u00e5r kun stoppet menneskehandlen med udenlandske l\u00f8ntrykkere, hvis myndighederne arbejder bedre sammen med arbejdsmarkedets parter, og hvis der s\u00e6ttes ressourcer [&hellip;]<\/p>\n","protected":false},"author":10,"featured_media":0,"comment_status":"open","ping_status":"closed","sticky":false,"template":"","format":"standard","meta":{"footnotes":""},"categories":[1],"tags":[],"class_list":["post-16493","post","type-post","status-publish","format-standard","hentry","category-df-nyt-dk"],"_links":{"self":[{"href":"https:\/\/df-nyt.dk\/blog\/wp-json\/wp\/v2\/posts\/16493","targetHints":{"allow":["GET"]}}],"collection":[{"href":"https:\/\/df-nyt.dk\/blog\/wp-json\/wp\/v2\/posts"}],"about":[{"href":"https:\/\/df-nyt.dk\/blog\/wp-json\/wp\/v2\/types\/post"}],"author":[{"embeddable":true,"href":"https:\/\/df-nyt.dk\/blog\/wp-json\/wp\/v2\/users\/10"}],"replies":[{"embeddable":true,"href":"https:\/\/df-nyt.dk\/blog\/wp-json\/wp\/v2\/comments?post=16493"}],"version-history":[{"count":4,"href":"https:\/\/df-nyt.dk\/blog\/wp-json\/wp\/v2\/posts\/16493\/revisions"}],"predecessor-version":[{"id":108966,"href":"https:\/\/df-nyt.dk\/blog\/wp-json\/wp\/v2\/posts\/16493\/revisions\/108966"}],"wp:attachment":[{"href":"https:\/\/df-nyt.dk\/blog\/wp-json\/wp\/v2\/media?parent=16493"}],"wp:term":[{"taxonomy":"category","embeddable":true,"href":"https:\/\/df-nyt.dk\/blog\/wp-json\/wp\/v2\/categories?post=16493"},{"taxonomy":"post_tag","embeddable":true,"href":"https:\/\/df-nyt.dk\/blog\/wp-json\/wp\/v2\/tags?post=16493"}],"curies":[{"name":"wp","href":"https:\/\/api.w.org\/{rel}","templated":true}]}}