{"id":16497,"date":"2011-02-10T21:31:10","date_gmt":"2011-02-10T20:31:10","guid":{"rendered":"http:\/\/df-nyt.dk\/?p=16497"},"modified":"2025-07-13T14:10:42","modified_gmt":"2025-07-13T12:10:42","slug":"den-kristne-medieaftale","status":"publish","type":"post","link":"https:\/\/df-nyt.dk\/blog\/den-kristne-medieaftale\/","title":{"rendered":"Den kristne medieaftale"},"content":{"rendered":"<p><img loading=\"lazy\" decoding=\"async\" class=\"alignleft  \" src=\"https:\/\/df-nyt.dk\/wp-content\/uploads\/100220112130.png\" alt=\"\" width=\"172\" height=\"153\" \/>Den kristne medieaftale<br \/>\nNy medieaftale forpligter ikke l\u00e6ngere Danmarks Radio (DR) til at fremme integrationen og giver i stedet kristendommen en s\u00e6rlig plads.<\/p>\n<p>Venstre, Konservative, Dansk Folkeparti og Liberal Alliance har lavet en ny medieaftale.<br \/>\nDen forrige aftale forpligtigede DR til at &#8220;fremme integrationen&#8221;.<\/p>\n<p>Dette er nu pillet ud.<br \/>\nDen nye aftale siger blot at DR skal lade v\u00e6re med at &#8220;tilskynde til had p\u00e5 grund af race, k\u00f8n, religion, nationalitet eller seksuel observans.&#8221;.<\/p>\n<p>Hvor DR f\u00f8rhen aktivt skulle fremme integrationen, er det alts\u00e5 nu nok at de undlader at v\u00e6re decideret racistiske.<\/p>\n<p>En anden \u00e6ndring er, at en bestemt trosretning, nemlig kristendommen, har f\u00e5et sin egen plads i medieforliget:<\/p>\n<p>-DR skal l\u00e6gge s\u00e6rlig v\u00e6gt p\u00e5 sin rolle som initiativtager til og formidler af dansk kunst og kultur og den danske kulturarv, herunder den kristne kulturarv.<\/p>\n<p>Selvf\u00f8lgelig h\u00f8rer kristendommen ind under &#8220;dansk kulturarv&#8221;, men hvorfor skal lige kristendommen fremh\u00e6ves specifikt? Man kunne fremh\u00e6ve p\u00e5 s\u00e5 meget andet, s\u00e5 som oplysningstiden.<\/p>\n<p>Her er nogle udpluk der viser hvordan h\u00f8jrefl\u00f8jen argumenterer for \u00e6ndringen, Skriver Kasper Hviid p\u00e5 \u00a0<span style=\"text-decoration: underline;\"><a href=\"https:\/\/p77.dk\/baggrund\/309\/den-kristne-medieaftale\" target=\"_blank\" rel=\"noopener noreferrer\">Netmagasinet, P77.dk<\/a><\/span><\/p>\n<p>Reference<br \/>\n<a href=\"http:\/\/p77.dk\/bagside-a-opinion\/opinion\/429-den-kristne-medieaftale\" target=\"_blank\" rel=\"noopener noreferrer\"><span style=\"text-decoration: underline;\">Netmagasinet, P77.dk, \/\/p77.dk \/opinion\/den-kristne-medieaftale<\/span><\/a><\/p>\n","protected":false},"excerpt":{"rendered":"<p>Den kristne medieaftale Ny medieaftale forpligter ikke l\u00e6ngere Danmarks Radio (DR) til at fremme integrationen og giver i stedet kristendommen en s\u00e6rlig plads. Venstre, Konservative, Dansk Folkeparti og Liberal Alliance har lavet en ny medieaftale. Den forrige aftale forpligtigede DR til at &#8220;fremme integrationen&#8221;. Dette er nu pillet ud. Den nye aftale siger blot at [&hellip;]<\/p>\n","protected":false},"author":10,"featured_media":0,"comment_status":"open","ping_status":"closed","sticky":false,"template":"","format":"standard","meta":{"footnotes":""},"categories":[1],"tags":[],"class_list":["post-16497","post","type-post","status-publish","format-standard","hentry","category-df-nyt-dk"],"_links":{"self":[{"href":"https:\/\/df-nyt.dk\/blog\/wp-json\/wp\/v2\/posts\/16497","targetHints":{"allow":["GET"]}}],"collection":[{"href":"https:\/\/df-nyt.dk\/blog\/wp-json\/wp\/v2\/posts"}],"about":[{"href":"https:\/\/df-nyt.dk\/blog\/wp-json\/wp\/v2\/types\/post"}],"author":[{"embeddable":true,"href":"https:\/\/df-nyt.dk\/blog\/wp-json\/wp\/v2\/users\/10"}],"replies":[{"embeddable":true,"href":"https:\/\/df-nyt.dk\/blog\/wp-json\/wp\/v2\/comments?post=16497"}],"version-history":[{"count":3,"href":"https:\/\/df-nyt.dk\/blog\/wp-json\/wp\/v2\/posts\/16497\/revisions"}],"predecessor-version":[{"id":108976,"href":"https:\/\/df-nyt.dk\/blog\/wp-json\/wp\/v2\/posts\/16497\/revisions\/108976"}],"wp:attachment":[{"href":"https:\/\/df-nyt.dk\/blog\/wp-json\/wp\/v2\/media?parent=16497"}],"wp:term":[{"taxonomy":"category","embeddable":true,"href":"https:\/\/df-nyt.dk\/blog\/wp-json\/wp\/v2\/categories?post=16497"},{"taxonomy":"post_tag","embeddable":true,"href":"https:\/\/df-nyt.dk\/blog\/wp-json\/wp\/v2\/tags?post=16497"}],"curies":[{"name":"wp","href":"https:\/\/api.w.org\/{rel}","templated":true}]}}