{"id":16526,"date":"2011-02-11T17:41:12","date_gmt":"2011-02-11T16:41:12","guid":{"rendered":"http:\/\/df-nyt.dk\/?p=16526"},"modified":"2026-01-01T17:49:43","modified_gmt":"2026-01-01T16:49:43","slug":"draeb-bloggeren-og-tag-ytringsfriheden-med","status":"publish","type":"post","link":"https:\/\/df-nyt.dk\/blog\/draeb-bloggeren-og-tag-ytringsfriheden-med\/","title":{"rendered":"Dr\u00e6b bloggeren, og tag ytringsfriheden med"},"content":{"rendered":"<p><img loading=\"lazy\" decoding=\"async\" class=\"alignleft size-full \" title=\"110220111731\" src=\"http:\/\/df-nyt.dk\/\/wp-content\/uploads\/110220111731.png\" alt=\"\" width=\"239\" height=\"159\" \/><br \/>\nEr det i orden at true og dr\u00e6be for ord man ikke er enig i?  Skriver Margrethe S. Hansen p\u00e5 <span style=\"text-decoration: underline;\"><a href=\"http:\/\/p77.dk\/blogs\/shansen\/425-draeb-bloggeren-og-tag-ytringsfriheden-med\">NetAvisen P77<\/a><\/span><\/p>\n<p>Og &#8211; Forts\u00e6tter.<br \/>\nDesv\u00e6rre ser det ud til at gr\u00e6nsen for, hvilke v\u00e5ben der er legitime i v\u00e6rdikampen og -debatten, har taget en uheldig drejning de senere \u00e5r.<\/p>\n<p>Is\u00e6r har fremkomsten af sociale medier som Facebook, hvor den politiske debat i dag er rykket over, form\u00e5et at radikalisere en stor gruppe af danskere i en grad, at jeg som blogger i offentligheden ikke l\u00e6ngere kan n\u00f8jes med at ryste p\u00e5 hovedet af deres had mod mig og andre.<\/p>\n<p>Schyy, venstrefl\u00f8jen sover i debatten, skrev forfatter Carsten Jensen i en kronik i slutningen af sidste \u00e5r.<\/p>\n<p>Jeg ved ikke, om venstrefl\u00f8jen s\u00e5dan rigtigt sover, ogs\u00e5 fordi jeg ikke selv er en del af den.<\/p>\n<p>Men jeg ved, at rigtigt mange meningsdannere, journalister og bloggere, som er imod den fremmedfjendske tone i tidens politiske og samfundsm\u00e6ssige debat, har trukket sig fordi de er blevet forfulgt, chikaneret og intimideret af det indvandringskritiske og antihumanistiske debat-Danmarks tilh\u00e6ngere, fra islamofober i Trykkefrihedsselskabet, til det yderste h\u00f8jres ultranationalister og nazister.<\/p>\n<p>I disse \u00e5r oplever en del af os, der deltager i v\u00e6rdidebatten p\u00e5 humanismen og det tolerante Danmarks side, at indlysende forhold som at man ikke sl\u00e5r sine meningsmodstandere ihjel, ikke g\u00e6lder n\u00e5r talen falder p\u00e5 os.<\/p>\n<p>I nogen politiske milj\u00f8er i Danmark er d\u00f8dstrusler og andet af den slags rettet mod muslimer, indvandrere og debatt\u00f8rer som mig tv\u00e6rimod helt i orden.<\/p>\n<p>Skriver Margrethe S. Hansen p\u00e5 <a href=\"http:\/\/p77.dk\/blogs\/shansen\/425-draeb-bloggeren-og-tag-ytringsfriheden-med\"><span style=\"text-decoration: underline;\">NetAvisen P77<\/span><\/a> &#8211; <\/p>\n<p>l\u00e6s mere&#8230; <a href=\"http:\/\/p77.dk\/blogs\/shansen\/425-draeb-bloggeren-og-tag-ytringsfriheden-med\"><span style=\"text-decoration: underline;\">DER<\/span><\/a><\/p>\n<p>L\u00e6s ogs\u00e5:<\/p>\n<p><a href=\"http:\/\/df-nyt.dk\/?p=19544\"><span style=\"text-decoration: underline;\">DF-NYT: Blogger id\u00f8mt tre \u00e5rs f\u00e6ngsel <\/span><\/a><\/p>\n<p>********************<\/p>\n","protected":false},"excerpt":{"rendered":"<p>Er det i orden at true og dr\u00e6be for ord man ikke er enig i? Skriver Margrethe S. Hansen p\u00e5 NetAvisen P77 Og &#8211; Forts\u00e6tter. Desv\u00e6rre ser det ud til at gr\u00e6nsen for, hvilke v\u00e5ben der er legitime i v\u00e6rdikampen og -debatten, har taget en uheldig drejning de senere \u00e5r. Is\u00e6r har fremkomsten af sociale [&hellip;]<\/p>\n","protected":false},"author":10,"featured_media":0,"comment_status":"open","ping_status":"closed","sticky":false,"template":"","format":"standard","meta":{"footnotes":""},"categories":[1],"tags":[],"class_list":["post-16526","post","type-post","status-publish","format-standard","hentry","category-df-nyt-dk"],"_links":{"self":[{"href":"https:\/\/df-nyt.dk\/blog\/wp-json\/wp\/v2\/posts\/16526","targetHints":{"allow":["GET"]}}],"collection":[{"href":"https:\/\/df-nyt.dk\/blog\/wp-json\/wp\/v2\/posts"}],"about":[{"href":"https:\/\/df-nyt.dk\/blog\/wp-json\/wp\/v2\/types\/post"}],"author":[{"embeddable":true,"href":"https:\/\/df-nyt.dk\/blog\/wp-json\/wp\/v2\/users\/10"}],"replies":[{"embeddable":true,"href":"https:\/\/df-nyt.dk\/blog\/wp-json\/wp\/v2\/comments?post=16526"}],"version-history":[{"count":3,"href":"https:\/\/df-nyt.dk\/blog\/wp-json\/wp\/v2\/posts\/16526\/revisions"}],"predecessor-version":[{"id":110612,"href":"https:\/\/df-nyt.dk\/blog\/wp-json\/wp\/v2\/posts\/16526\/revisions\/110612"}],"wp:attachment":[{"href":"https:\/\/df-nyt.dk\/blog\/wp-json\/wp\/v2\/media?parent=16526"}],"wp:term":[{"taxonomy":"category","embeddable":true,"href":"https:\/\/df-nyt.dk\/blog\/wp-json\/wp\/v2\/categories?post=16526"},{"taxonomy":"post_tag","embeddable":true,"href":"https:\/\/df-nyt.dk\/blog\/wp-json\/wp\/v2\/tags?post=16526"}],"curies":[{"name":"wp","href":"https:\/\/api.w.org\/{rel}","templated":true}]}}