{"id":16586,"date":"2011-02-12T13:02:35","date_gmt":"2011-02-12T12:02:35","guid":{"rendered":"http:\/\/df-nyt.dk\/?p=16586"},"modified":"2024-09-17T17:26:26","modified_gmt":"2024-09-17T15:26:26","slug":"fotograf-er-hardt-saret-i-afghanistan","status":"publish","type":"post","link":"https:\/\/df-nyt.dk\/blog\/fotograf-er-hardt-saret-i-afghanistan\/","title":{"rendered":"Fotograf h\u00e5rdt s\u00e5ret i Afghanistan"},"content":{"rendered":"<p><img loading=\"lazy\" decoding=\"async\" class=\"alignleft  \" src=\"https:\/\/df-nyt.dk\/wp-content\/uploads\/2209201014351.png\" alt=\"\" width=\"83\" height=\"83\" \/><br \/>\nFotograf p\u00e5 fod patrulje med\u00a0soldater i det sydlige Afghanistan blev alvorligt s\u00e5ret<\/p>\n<p>Kabul, Afghanistan -En britisk fotograf p\u00e5 fod patrulje med afghanske og amerikanske soldater i det sydlige Afghanistan blev alvorligt s\u00e5ret i denne uge<\/p>\n<p>Han tr\u00e5dte, if\u00f8lge New-York-Times, p\u00e5 en improviseret bombe.<br \/>\nFotografen, Giles Duley, arbejdede i mandags ved siden soldater fra F\u00f8rste Squadron, 75e Cavalry Regiment, n\u00e6r landsbyen Sangsar i Kandahar-provinsen, da han tr\u00e5dte p\u00e5 en trykplade, der detonerede en skjult spr\u00e6ngladning, if\u00f8lge det amerikanske milit\u00e6r.<\/p>\n<p>Mr. Duley, 39, mistet sit ene ben under kn\u00e6et, samt blev hans venstre arm afsk\u00e5ret over albuen. En finger p\u00e5 hans h\u00f8jre h\u00e5nd var br\u00e6kket, og han havde andre overfladiske s\u00e5r, if\u00f8lge hans bror, David Duley.<\/p>\n<p>Han har ikke indre kv\u00e6stelser eller s\u00e5r i hovedet, fortalte hans bror i telefonen.<br \/>\nIngen andre blev s\u00e5ret ved eksplosionen, Skriver New-York-Times<\/p>\n<p>Reference<br \/>\nHjemmesiden, \/\/nytimes.com \/2011\/02\/12\/world\/asia\/photographer.global-home<\/p>\n<p>For yderlig l\u00e6sning<\/p>\n<p><a href=\"https:\/\/df-nyt.dk\/?p=16413\/\" target=\"_blank\" rel=\"noopener noreferrer\"><span style=\"text-decoration: underline;\">S\u00e5 skete det igen, Dansk soldat ramt af improviseret spr\u00e6ngladning<\/span><\/a><\/p>\n","protected":false},"excerpt":{"rendered":"<p>Fotograf p\u00e5 fod patrulje med\u00a0soldater i det sydlige Afghanistan blev alvorligt s\u00e5ret Kabul, Afghanistan -En britisk fotograf p\u00e5 fod patrulje med afghanske og amerikanske soldater i det sydlige Afghanistan blev alvorligt s\u00e5ret i denne uge Han tr\u00e5dte, if\u00f8lge New-York-Times, p\u00e5 en improviseret bombe. Fotografen, Giles Duley, arbejdede i mandags ved siden soldater fra F\u00f8rste Squadron, [&hellip;]<\/p>\n","protected":false},"author":10,"featured_media":0,"comment_status":"open","ping_status":"closed","sticky":false,"template":"","format":"standard","meta":{"footnotes":""},"categories":[1],"tags":[],"class_list":["post-16586","post","type-post","status-publish","format-standard","hentry","category-df-nyt-dk"],"_links":{"self":[{"href":"https:\/\/df-nyt.dk\/blog\/wp-json\/wp\/v2\/posts\/16586","targetHints":{"allow":["GET"]}}],"collection":[{"href":"https:\/\/df-nyt.dk\/blog\/wp-json\/wp\/v2\/posts"}],"about":[{"href":"https:\/\/df-nyt.dk\/blog\/wp-json\/wp\/v2\/types\/post"}],"author":[{"embeddable":true,"href":"https:\/\/df-nyt.dk\/blog\/wp-json\/wp\/v2\/users\/10"}],"replies":[{"embeddable":true,"href":"https:\/\/df-nyt.dk\/blog\/wp-json\/wp\/v2\/comments?post=16586"}],"version-history":[{"count":1,"href":"https:\/\/df-nyt.dk\/blog\/wp-json\/wp\/v2\/posts\/16586\/revisions"}],"predecessor-version":[{"id":104561,"href":"https:\/\/df-nyt.dk\/blog\/wp-json\/wp\/v2\/posts\/16586\/revisions\/104561"}],"wp:attachment":[{"href":"https:\/\/df-nyt.dk\/blog\/wp-json\/wp\/v2\/media?parent=16586"}],"wp:term":[{"taxonomy":"category","embeddable":true,"href":"https:\/\/df-nyt.dk\/blog\/wp-json\/wp\/v2\/categories?post=16586"},{"taxonomy":"post_tag","embeddable":true,"href":"https:\/\/df-nyt.dk\/blog\/wp-json\/wp\/v2\/tags?post=16586"}],"curies":[{"name":"wp","href":"https:\/\/api.w.org\/{rel}","templated":true}]}}