{"id":16599,"date":"2011-02-13T11:37:52","date_gmt":"2011-02-13T10:37:52","guid":{"rendered":"http:\/\/df-nyt.dk\/?p=16599"},"modified":"2018-03-03T14:25:46","modified_gmt":"2018-03-03T13:25:46","slug":"lene-espersens-mange-ansigter","status":"publish","type":"post","link":"https:\/\/df-nyt.dk\/blog\/lene-espersens-mange-ansigter\/","title":{"rendered":"Lene Espersens mange ansigter"},"content":{"rendered":"<p><a href=\"https:\/\/df-nyt.dk\/blog\/wp-content\/uploads\/130220111134.png\"><img loading=\"lazy\" decoding=\"async\" class=\"alignleft size-full wp-image-16600\" title=\"130220111134\" src=\"https:\/\/df-nyt.dk\/blog\/wp-content\/uploads\/130220111134.png\" alt=\"\" width=\"239\" height=\"220\" \/><\/a><\/p>\n<p>Lene Espersens mange ansigter<\/p>\n<p>Vor fagre udenrigsminister har form\u00e5et at udvikle sig fra forsigtigpeter til superrevolution\u00e6r p\u00e5 under ti dage i sp\u00f8rgsm\u00e5let om, hvordan Danmark skal forholde sig til udviklingen i \u00c6gypten.<\/p>\n<p>Eller ogs\u00e5 siger hun en ting til Folketinget og noget andet til pressen.<\/p>\n<p>S\u00e5ledes sagde Udenrigsminister Lene Espersen i Folketinget i svar 02-02-2011 p\u00e5 foresp\u00f8rgsel fra Holger K. Nielsen om situationen i \u00c6gypten:<\/p>\n<p>&#8220;Jeg vil sige til hr. Holger K. Nielsen, at jeg bestemt mener, at vi skal bakke op om demonstranternes \u00f8nske om demokratiske reformer \u2013 reformer, der skal f\u00f8re til, at der kan v\u00e6re et fair og et frit valg.<\/p>\n<p>Men jeg er uenig med hr. Holger K. Nielsen i, at det er den vestlige verden og USA, der skal g\u00e5 foran og bestemme, hvem det er, der skal have magten i Egypten.<\/p>\n<p>Derfor har vi ogs\u00e5 haft den holdning til det, at det er noget, den egyptiske befolkning selv m\u00e5 f\u00e5 lov at bestemme.<\/p>\n<p>Det mener jeg er den klogeste tilgang til det.<\/p>\n<p>SF har som vel det eneste parti i Folketinget s\u00e5 en anden holdning til det og mener, at vi n\u00e6rmest skal g\u00e5 ud at sige, ikke alene hvem der skal g\u00e5 af, men m\u00e5ske ogs\u00e5 hvem der skal komme til.&#8221;<\/p>\n<p>Men ni dage senere sagde Lene Espersen &#8230;<\/p>\n<p>Skriver Nutcracker p\u00e5 <a href=\"http:\/\/p77.dk\/component\/k2\/310\/lene-espersens-mange-ansigter\" target=\"_blank\"><span style=\"text-decoration: underline;\"><strong>NetAvisen P77<\/strong><\/span><\/a><\/p>\n<p>&nbsp;<br \/>\n<strong><a href=\"http:\/\/p77.dk\/bagside-a-opinion\/pa-spyddet\/430-lene-espersens-mange-ansigter\" target=\"_blank\"><span style=\"text-decoration: underline;\"><strong>Du kan l\u00e6se mere HER<\/strong><\/span><\/a><\/strong><\/p>\n<p>&nbsp;<\/p>\n","protected":false},"excerpt":{"rendered":"<p>Lene Espersens mange ansigter Vor fagre udenrigsminister har form\u00e5et at udvikle sig fra forsigtigpeter til superrevolution\u00e6r p\u00e5 under ti dage i sp\u00f8rgsm\u00e5let om, hvordan Danmark skal forholde sig til udviklingen i \u00c6gypten. Eller ogs\u00e5 siger hun en ting til Folketinget og noget andet til pressen. S\u00e5ledes sagde Udenrigsminister Lene Espersen i Folketinget i svar 02-02-2011 [&hellip;]<\/p>\n","protected":false},"author":10,"featured_media":0,"comment_status":"open","ping_status":"closed","sticky":false,"template":"","format":"standard","meta":{"footnotes":""},"categories":[1],"tags":[],"class_list":["post-16599","post","type-post","status-publish","format-standard","hentry","category-df-nyt-dk"],"_links":{"self":[{"href":"https:\/\/df-nyt.dk\/blog\/wp-json\/wp\/v2\/posts\/16599","targetHints":{"allow":["GET"]}}],"collection":[{"href":"https:\/\/df-nyt.dk\/blog\/wp-json\/wp\/v2\/posts"}],"about":[{"href":"https:\/\/df-nyt.dk\/blog\/wp-json\/wp\/v2\/types\/post"}],"author":[{"embeddable":true,"href":"https:\/\/df-nyt.dk\/blog\/wp-json\/wp\/v2\/users\/10"}],"replies":[{"embeddable":true,"href":"https:\/\/df-nyt.dk\/blog\/wp-json\/wp\/v2\/comments?post=16599"}],"version-history":[{"count":0,"href":"https:\/\/df-nyt.dk\/blog\/wp-json\/wp\/v2\/posts\/16599\/revisions"}],"wp:attachment":[{"href":"https:\/\/df-nyt.dk\/blog\/wp-json\/wp\/v2\/media?parent=16599"}],"wp:term":[{"taxonomy":"category","embeddable":true,"href":"https:\/\/df-nyt.dk\/blog\/wp-json\/wp\/v2\/categories?post=16599"},{"taxonomy":"post_tag","embeddable":true,"href":"https:\/\/df-nyt.dk\/blog\/wp-json\/wp\/v2\/tags?post=16599"}],"curies":[{"name":"wp","href":"https:\/\/api.w.org\/{rel}","templated":true}]}}