{"id":16641,"date":"2011-02-14T09:03:27","date_gmt":"2011-02-14T08:03:27","guid":{"rendered":"http:\/\/df-nyt.dk\/?p=16641"},"modified":"2024-10-16T23:35:59","modified_gmt":"2024-10-16T21:35:59","slug":"poul-erik-andersen-de-sidste-idioter-er-abenbart-ikke-d%c3%b8de-endnu","status":"publish","type":"post","link":"https:\/\/df-nyt.dk\/blog\/poul-erik-andersen-de-sidste-idioter-er-abenbart-ikke-d%c3%b8de-endnu\/","title":{"rendered":"Poul Erik Andersen: &#8216;De sidste idioter er \u00e5benbart ikke d\u00f8de endnu&#8217;"},"content":{"rendered":"<p>Poul Erik Andersen: De sidste idioter er \u00e5benbart ikke d\u00f8de endnu<br \/>\nOg det har han sikkert ganske ret i -jeg vil da ikke undlade at tilf\u00f8je,<br \/>\nat jeg h\u00e5ber det varer l\u00e6nge endnu f\u00f8r det sker.<\/p>\n<p>P\u00e5 en eller anden m\u00e5de, s\u00e5 kommer man jo til at holde af dem, -p\u00e5 samme m\u00e5de,<br \/>\nsom da man i sin tid p\u00e5 tv, kunne morer sig over Morten og Peter.<\/p>\n<p><img loading=\"lazy\" decoding=\"async\" src=\"https:\/\/df-nyt.dk\/wp-content\/uploads\/140220110921.png\" alt=\"\" width=\"400\" height=\"194\" class=\"alignnone size-medium \" \/><\/p>\n<p>Her er det Poul Erik Andersen som st\u00e5r for underholdningen.<br \/>\nOg han er dygtigere end de fleste, -s\u00e5 ikke alene afsl\u00f8rer han, at han ikke selv har l\u00e6st og forst\u00e5et artiklen i politiken -men det lykkes ogs\u00e5 for ham at afsl\u00f8rer, at flere islamofober heller ikke har det.<\/p>\n<p>Redningen kommer i form af\u00a0 Leif A. Liimakka Pindstrup,<br \/>\nsom p\u00e5 det n\u00e6rmeste m\u00e5 k\u00e6mpe for at redde \u00e6ren og debatten.<\/p>\n<p>Desv\u00e6rre lykkes det ikke helt<br \/>\nL\u00e6s den afsl\u00f8rende debat.<\/p>\n<p><img loading=\"lazy\" decoding=\"async\" class=\"alignnone size-full \" title=\"140220110919\" src=\"https:\/\/df-nyt.dk\/\/wp-content\/uploads\/140220110919.png\" alt=\"\" width=\"459\" height=\"827\" \/><br \/>\n<img loading=\"lazy\" decoding=\"async\" class=\"alignnone size-full \" title=\"140220110850\" src=\"https:\/\/df-nyt.dk\/\/wp-content\/uploads\/140220110850.png\" alt=\"\" width=\"390\" height=\"565\" \/><\/p>\n<p>Tomas Kierstein er formand i foreningen,&#8217;Den Danske Forening&#8217;.<\/p>\n<p>Reference<br \/>\n\/\/Screenshots er fra Poul Erik Andersens offentlige Facebook-v\u00e6g<br \/>\nHjemmesiden, \/\/da.wikipedia.org \/wiki\/Arne_Melchior<br \/>\nHjemmesiden, \/\/politiken.dk \/indland\/ECE668319\/muslimer-og-joeder-i-faelles-kamp-mod-racisme\/<\/p>\n<p>For yderlig l\u00e6sning<\/p>\n<p><a href=\"https:\/\/df-nyt.dk\/?p=16540\/\" rel=\"noopener noreferrer\"><span style=\"text-decoration: underline;\">Anmeldt for racisme, nu h\u00e6nger vennerne ham ud som martyr<\/span><\/a><br \/>\n&nbsp;<\/p>\n","protected":false},"excerpt":{"rendered":"<p>Poul Erik Andersen: De sidste idioter er \u00e5benbart ikke d\u00f8de endnu Og det har han sikkert ganske ret i -jeg vil da ikke undlade at tilf\u00f8je, at jeg h\u00e5ber det varer l\u00e6nge endnu f\u00f8r det sker. P\u00e5 en eller anden m\u00e5de, s\u00e5 kommer man jo til at holde af dem, -p\u00e5 samme m\u00e5de, som da [&hellip;]<\/p>\n","protected":false},"author":10,"featured_media":0,"comment_status":"open","ping_status":"closed","sticky":false,"template":"","format":"standard","meta":{"footnotes":""},"categories":[1],"tags":[],"class_list":["post-16641","post","type-post","status-publish","format-standard","hentry","category-df-nyt-dk"],"_links":{"self":[{"href":"https:\/\/df-nyt.dk\/blog\/wp-json\/wp\/v2\/posts\/16641","targetHints":{"allow":["GET"]}}],"collection":[{"href":"https:\/\/df-nyt.dk\/blog\/wp-json\/wp\/v2\/posts"}],"about":[{"href":"https:\/\/df-nyt.dk\/blog\/wp-json\/wp\/v2\/types\/post"}],"author":[{"embeddable":true,"href":"https:\/\/df-nyt.dk\/blog\/wp-json\/wp\/v2\/users\/10"}],"replies":[{"embeddable":true,"href":"https:\/\/df-nyt.dk\/blog\/wp-json\/wp\/v2\/comments?post=16641"}],"version-history":[{"count":1,"href":"https:\/\/df-nyt.dk\/blog\/wp-json\/wp\/v2\/posts\/16641\/revisions"}],"predecessor-version":[{"id":105548,"href":"https:\/\/df-nyt.dk\/blog\/wp-json\/wp\/v2\/posts\/16641\/revisions\/105548"}],"wp:attachment":[{"href":"https:\/\/df-nyt.dk\/blog\/wp-json\/wp\/v2\/media?parent=16641"}],"wp:term":[{"taxonomy":"category","embeddable":true,"href":"https:\/\/df-nyt.dk\/blog\/wp-json\/wp\/v2\/categories?post=16641"},{"taxonomy":"post_tag","embeddable":true,"href":"https:\/\/df-nyt.dk\/blog\/wp-json\/wp\/v2\/tags?post=16641"}],"curies":[{"name":"wp","href":"https:\/\/api.w.org\/{rel}","templated":true}]}}