{"id":16700,"date":"2011-02-14T23:12:53","date_gmt":"2011-02-14T22:12:53","guid":{"rendered":"http:\/\/df-nyt.dk\/?p=16700"},"modified":"2017-07-28T16:45:59","modified_gmt":"2017-07-28T14:45:59","slug":"hedegaard-i-retten-igen","status":"publish","type":"post","link":"https:\/\/df-nyt.dk\/blog\/hedegaard-i-retten-igen\/","title":{"rendered":"Hedegaard i retten igen"},"content":{"rendered":"<p>&nbsp;<\/p>\n<p><strong><a href=\"https:\/\/df-nyt.dk\/blog\/wp-content\/uploads\/140220112308.png\"><img loading=\"lazy\" decoding=\"async\" class=\"alignleft size-full wp-image-16701\" title=\"140220112308\" src=\"https:\/\/df-nyt.dk\/blog\/wp-content\/uploads\/140220112308.png\" alt=\"\" width=\"281\" height=\"213\" \/><\/a><\/strong><\/p>\n<p>&nbsp;<\/p>\n<p><strong>Hedegaard i retten igen<\/strong><\/p>\n<p>Statsadvokaten har anket byrettens frifindelse af Lars Hedegaard, der er tiltalt for racistiske udtalelser om muslimers voldt\u00e6gt af b\u00f8rn.<\/p>\n<p>Det oplyser politiassessor Jakob Buch-Jepsen i K\u00f8benhavns Politi i f\u00f8lge Ekstrabladet og Berlingske.<\/p>\n<p>Lars Hedegaard blev 31. januar frifundet ved Retten p\u00e5 Frederiksberg &#8230;<\/p>\n<p>Skriver Christian Rask p\u00e5 NetAvisen P77 &#8230;<\/p>\n<p><strong> Du kan l\u00e6se mere&#8230; <\/strong><a href=\"http:\/\/www.p77.dk\/radikalisering\/danmark\/432-hedegaard-i-retten-igen\" target=\"_blank\" rel=\"noopener\"><strong>HER<\/strong><\/a><\/p>\n<p><strong>L\u00e6s ogs\u00e5:<\/strong><\/p>\n<p><span style=\"text-decoration: underline;\"><a href=\"http:\/\/df-nyt.dk\/?p=16540\" target=\"_blank\" rel=\"noopener\"><strong>Anmeldt for racisme, nu h\u00e6nger vennerne ham ud som \u2018martyr\u2019 <\/strong><\/a><\/span><\/p>\n<p><strong>********************************************************************<\/strong><\/p>\n","protected":false},"excerpt":{"rendered":"<p>&nbsp; &nbsp; Hedegaard i retten igen Statsadvokaten har anket byrettens frifindelse af Lars Hedegaard, der er tiltalt for racistiske udtalelser om muslimers voldt\u00e6gt af b\u00f8rn. Det oplyser politiassessor Jakob Buch-Jepsen i K\u00f8benhavns Politi i f\u00f8lge Ekstrabladet og Berlingske. Lars Hedegaard blev 31. januar frifundet ved Retten p\u00e5 Frederiksberg &#8230; Skriver Christian Rask p\u00e5 NetAvisen P77 [&hellip;]<\/p>\n","protected":false},"author":10,"featured_media":0,"comment_status":"open","ping_status":"closed","sticky":false,"template":"","format":"standard","meta":{"footnotes":""},"categories":[1],"tags":[],"class_list":["post-16700","post","type-post","status-publish","format-standard","hentry","category-df-nyt-dk"],"_links":{"self":[{"href":"https:\/\/df-nyt.dk\/blog\/wp-json\/wp\/v2\/posts\/16700","targetHints":{"allow":["GET"]}}],"collection":[{"href":"https:\/\/df-nyt.dk\/blog\/wp-json\/wp\/v2\/posts"}],"about":[{"href":"https:\/\/df-nyt.dk\/blog\/wp-json\/wp\/v2\/types\/post"}],"author":[{"embeddable":true,"href":"https:\/\/df-nyt.dk\/blog\/wp-json\/wp\/v2\/users\/10"}],"replies":[{"embeddable":true,"href":"https:\/\/df-nyt.dk\/blog\/wp-json\/wp\/v2\/comments?post=16700"}],"version-history":[{"count":0,"href":"https:\/\/df-nyt.dk\/blog\/wp-json\/wp\/v2\/posts\/16700\/revisions"}],"wp:attachment":[{"href":"https:\/\/df-nyt.dk\/blog\/wp-json\/wp\/v2\/media?parent=16700"}],"wp:term":[{"taxonomy":"category","embeddable":true,"href":"https:\/\/df-nyt.dk\/blog\/wp-json\/wp\/v2\/categories?post=16700"},{"taxonomy":"post_tag","embeddable":true,"href":"https:\/\/df-nyt.dk\/blog\/wp-json\/wp\/v2\/tags?post=16700"}],"curies":[{"name":"wp","href":"https:\/\/api.w.org\/{rel}","templated":true}]}}