{"id":16723,"date":"2011-02-15T15:37:09","date_gmt":"2011-02-15T14:37:09","guid":{"rendered":"http:\/\/df-nyt.dk\/?p=16723"},"modified":"2026-01-02T21:14:21","modified_gmt":"2026-01-02T20:14:21","slug":"sf-luk-det-sorte-hul-som-langtidssyge-kan-havne-i","status":"publish","type":"post","link":"https:\/\/df-nyt.dk\/blog\/sf-luk-det-sorte-hul-som-langtidssyge-kan-havne-i\/","title":{"rendered":"SF: Luk \u201ddet sorte hul\u201d som langtidssyge kan havne i"},"content":{"rendered":"<p><img loading=\"lazy\" decoding=\"async\" class=\"alignleft size-full \" title=\"150220111536\" src=\"https:\/\/df-nyt.dk\/blog\/wp-content\/uploads\/150220111536.png\" alt=\"\" width=\"273\" height=\"211\" \/><\/p>\n<p>Det er umenneskeligt, at samfundet st\u00f8der langtidssyge ud i \u00f8konomisk ruin p\u00e5 kontanthj\u00e6lp med 0 kr. i indt\u00e6gt,\u201d siger SF\u2019s arbejdsmarkedsordf\u00f8rer i Folketinget, Eigil Andersen.<\/p>\n<p>Skriver SF i en pressemeddelelse.<\/p>\n<p>Og SF forts\u00e6tter med f\u00f8lgende.<\/p>\n<p>\u201dEn ny regering vil lave loven om.<br \/>\nDen syge skal have ret til sygedagpenge indtil det er afklaret, om han\/hun kan forts\u00e6tte p\u00e5 arbejdsmarkedet eller ej\u201d, siger SF\u2019eren.<\/p>\n<p>\u201dSygdom er en stor belastning.<\/p>\n<p>Den belastning skal samfundet ikke g\u00f8re endnu st\u00f8rre ved at stoppe indt\u00e6gten, s\u00e5 familien har udsigt til at g\u00e5 fra hus og hjem, siger SF\u2019s arbejdsmarkedsordf\u00f8rer Eigil Andersen.<\/p>\n<p>Derfor skal man beholde sine sygedagpenge indtil det er afklaret, om man kan forts\u00e6tte p\u00e5 arbejdsmarkedet p\u00e5 almindelige vilk\u00e5r, skal have fleksjob eller f\u00f8rtidspension,\u201d siger SF\u2019s arbejdsmarkedsordf\u00f8rer, der lover at en ny regering vil gennemf\u00f8re en s\u00e5dan lov\u00e6ndring.<\/p>\n<p>6000 langtidssyge i Danmark bliver if\u00f8lge Besk\u00e6ftigelsesministeriet hvert \u00e5r frataget deres sygedagpenge p\u00e5 grund af den s\u00e5kaldte varighedsbegr\u00e6nsning, inclusive visse forl\u00e6ngelses-muligheder.<\/p>\n<p>Mindst 900 af dem havner i det s\u00e5kaldt \u201dsorte hul\u201d, hvor indt\u00e6gten er 0 kr.<\/p>\n<p>De har ikke ret til kontanthj\u00e6lp p\u00e5 grund af en \u00e6gtef\u00e6lles indt\u00e6gt, ejerbolig eller fordi de har en bil.<\/p>\n<p>To kvinder fort\u00e6ller i aften i DR TV\u2019s \u201dKontant\u201d, at de er havnet i dette sorte hul.<\/p>\n<p>De sidste tre \u00e5r har en f\u00e6lles opposition i Folketinget \u2013 S, SF, R og EL \u2013 fremsat f\u00e6lles forslag om, at varighedsbegr\u00e6nsningen skal afskaffes.<\/p>\n<p>De borgerlige har stemt forslaget ned. Det vil nok overraske mange, at ogs\u00e5 Dansk Folkeparti har stemt imod en s\u00e5dan forbedring for langtidssyge.<\/p>\n<p>\u201dDe nuv\u00e6rende forl\u00e6ngelsesmuligheder er slet ikke nok, fordi der er tale om sk\u00f8n, hvor man skal opfylde bestemte kriterier.<\/p>\n<p>Et dumt refusions-system, som Folketingets hidtidige borgerlige flertal har vedtaget, betyder desuden at kommunerne har en \u00f8konomisk interesse i at stoppe sygedagpengene efter 52 uger uden at bruge forl\u00e6ngelses-mulighederne,\u201d siger Eigil Andersen. Skriver SF i en pressemeddelelse.<\/p>\n<p>Du kan l\u00e6se flere nyheder &#8230; DER<\/p>\n<p>*******************************************************<\/p>\n","protected":false},"excerpt":{"rendered":"<p>Det er umenneskeligt, at samfundet st\u00f8der langtidssyge ud i \u00f8konomisk ruin p\u00e5 kontanthj\u00e6lp med 0 kr. i indt\u00e6gt,\u201d siger SF\u2019s arbejdsmarkedsordf\u00f8rer i Folketinget, Eigil Andersen. Skriver SF i en pressemeddelelse. Og SF forts\u00e6tter med f\u00f8lgende. \u201dEn ny regering vil lave loven om. Den syge skal have ret til sygedagpenge indtil det er afklaret, om han\/hun [&hellip;]<\/p>\n","protected":false},"author":10,"featured_media":0,"comment_status":"open","ping_status":"closed","sticky":false,"template":"","format":"standard","meta":{"footnotes":""},"categories":[1],"tags":[],"class_list":["post-16723","post","type-post","status-publish","format-standard","hentry","category-df-nyt-dk"],"_links":{"self":[{"href":"https:\/\/df-nyt.dk\/blog\/wp-json\/wp\/v2\/posts\/16723","targetHints":{"allow":["GET"]}}],"collection":[{"href":"https:\/\/df-nyt.dk\/blog\/wp-json\/wp\/v2\/posts"}],"about":[{"href":"https:\/\/df-nyt.dk\/blog\/wp-json\/wp\/v2\/types\/post"}],"author":[{"embeddable":true,"href":"https:\/\/df-nyt.dk\/blog\/wp-json\/wp\/v2\/users\/10"}],"replies":[{"embeddable":true,"href":"https:\/\/df-nyt.dk\/blog\/wp-json\/wp\/v2\/comments?post=16723"}],"version-history":[{"count":2,"href":"https:\/\/df-nyt.dk\/blog\/wp-json\/wp\/v2\/posts\/16723\/revisions"}],"predecessor-version":[{"id":110624,"href":"https:\/\/df-nyt.dk\/blog\/wp-json\/wp\/v2\/posts\/16723\/revisions\/110624"}],"wp:attachment":[{"href":"https:\/\/df-nyt.dk\/blog\/wp-json\/wp\/v2\/media?parent=16723"}],"wp:term":[{"taxonomy":"category","embeddable":true,"href":"https:\/\/df-nyt.dk\/blog\/wp-json\/wp\/v2\/categories?post=16723"},{"taxonomy":"post_tag","embeddable":true,"href":"https:\/\/df-nyt.dk\/blog\/wp-json\/wp\/v2\/tags?post=16723"}],"curies":[{"name":"wp","href":"https:\/\/api.w.org\/{rel}","templated":true}]}}