{"id":16807,"date":"2011-02-19T10:33:03","date_gmt":"2011-02-19T09:33:03","guid":{"rendered":"http:\/\/df-nyt.dk\/?p=16807"},"modified":"2018-02-23T09:50:14","modified_gmt":"2018-02-23T08:50:14","slug":"amnesty-international-bag-flere-underskriftsaktioner-mod-overgreb-i-danmark-og-udlandet","status":"publish","type":"post","link":"https:\/\/df-nyt.dk\/blog\/amnesty-international-bag-flere-underskriftsaktioner-mod-overgreb-i-danmark-og-udlandet\/","title":{"rendered":"Amnesty International bag flere underskriftsaktioner mod overgreb i Danmark og udlandet"},"content":{"rendered":"<p><a href=\"https:\/\/df-nyt.dk\/blog\/wp-content\/uploads\/190220111030.png\"><img loading=\"lazy\" decoding=\"async\" class=\"alignleft size-full wp-image-16808\" title=\"190220111030\" src=\"https:\/\/df-nyt.dk\/blog\/wp-content\/uploads\/190220111030.png\" alt=\"\" width=\"243\" height=\"166\" \/><\/a><\/p>\n<p>&nbsp;<br \/>\nMenneskerettighedsorganisationen Amnesty International har taget initiativ til en underskriftskampagne, hvor organisationen opfordrer mennesker til at skrive til formanden for Folketingets Integrationsudvalg, Karen Jespersen, vedr. frihedsber\u00f8velsen af s\u00e5rbare udl\u00e6ndinge.<\/p>\n<p>Organisationen har ogs\u00e5 iv\u00e6rksat kampagner, hvor man kan protestere mod overgreb mod fredelige demonstranter i Bahrain og slutte op om kravet om beskyttelse af en ledende skikkelse i reformbev\u00e6gelsen i Yemen.<\/p>\n<p>Amnesty International har i sit seneste medlemsblad &#8220;Amnesty&#8221; sat fokus p\u00e5 udl\u00e6ndinge, som frihedsber\u00f8ves i Elleb\u00e6k-f\u00e6ngslet.<\/p>\n<p>I den forbindelse har Amnesty International ogs\u00e5 taget initiativ til en aktion p\u00e5 organisationens hjemmeside, hvor man kan skrive til Integrationsudvalgets formand, Karen Jespersen, og st\u00f8tte Amnesty Internationals anbefalinger.<\/p>\n<p>Amnesty opfordrer hende til, som formand af Folketingets integrationsudvalg, at arbejde for, at domstolskontrollen sk\u00e6rpes, s\u00e5ledes at der kun anvendes frihedsber\u00f8velse, n\u00e5r der absolut ikke er andre alternativer, og at der etableres en screeningsordning med uvildige fagfolk, s\u00e5 s\u00e6rligt s\u00e5rbare personer eller grupper ikke uds\u00e6ttes for frihedsber\u00f8velse.<\/p>\n<p>Derudover mener Amnesty, at der skal oprettes en sygeafdeling i Elleb\u00e6k, der sikrer en akut hj\u00e6lp til de udl\u00e6ndinge, der f\u00e5r psykiske problemer af at v\u00e6re indsat.<\/p>\n<p>Skriver Bent Dahl Jensen p\u00e5 NetAvisen Multisamfund &#8230;<\/p>\n<p><strong>Du kan l\u00e6se mere&#8230; HER <\/strong><\/p>\n<p><strong>********************* <\/strong><\/p>\n<p>&nbsp;<\/p>\n","protected":false},"excerpt":{"rendered":"<p>&nbsp; Menneskerettighedsorganisationen Amnesty International har taget initiativ til en underskriftskampagne, hvor organisationen opfordrer mennesker til at skrive til formanden for Folketingets Integrationsudvalg, Karen Jespersen, vedr. frihedsber\u00f8velsen af s\u00e5rbare udl\u00e6ndinge. Organisationen har ogs\u00e5 iv\u00e6rksat kampagner, hvor man kan protestere mod overgreb mod fredelige demonstranter i Bahrain og slutte op om kravet om beskyttelse af en ledende [&hellip;]<\/p>\n","protected":false},"author":10,"featured_media":0,"comment_status":"open","ping_status":"closed","sticky":false,"template":"","format":"standard","meta":{"footnotes":""},"categories":[1],"tags":[],"class_list":["post-16807","post","type-post","status-publish","format-standard","hentry","category-df-nyt-dk"],"_links":{"self":[{"href":"https:\/\/df-nyt.dk\/blog\/wp-json\/wp\/v2\/posts\/16807","targetHints":{"allow":["GET"]}}],"collection":[{"href":"https:\/\/df-nyt.dk\/blog\/wp-json\/wp\/v2\/posts"}],"about":[{"href":"https:\/\/df-nyt.dk\/blog\/wp-json\/wp\/v2\/types\/post"}],"author":[{"embeddable":true,"href":"https:\/\/df-nyt.dk\/blog\/wp-json\/wp\/v2\/users\/10"}],"replies":[{"embeddable":true,"href":"https:\/\/df-nyt.dk\/blog\/wp-json\/wp\/v2\/comments?post=16807"}],"version-history":[{"count":0,"href":"https:\/\/df-nyt.dk\/blog\/wp-json\/wp\/v2\/posts\/16807\/revisions"}],"wp:attachment":[{"href":"https:\/\/df-nyt.dk\/blog\/wp-json\/wp\/v2\/media?parent=16807"}],"wp:term":[{"taxonomy":"category","embeddable":true,"href":"https:\/\/df-nyt.dk\/blog\/wp-json\/wp\/v2\/categories?post=16807"},{"taxonomy":"post_tag","embeddable":true,"href":"https:\/\/df-nyt.dk\/blog\/wp-json\/wp\/v2\/tags?post=16807"}],"curies":[{"name":"wp","href":"https:\/\/api.w.org\/{rel}","templated":true}]}}