{"id":16815,"date":"2011-02-19T12:32:24","date_gmt":"2011-02-19T11:32:24","guid":{"rendered":"http:\/\/df-nyt.dk\/?p=16815"},"modified":"2026-01-10T18:55:17","modified_gmt":"2026-01-10T17:55:17","slug":"islamofoben-geert-wilders-%c3%b8nsker-at-begr%c3%a6nse-ytringsfriheden-i-holland","status":"publish","type":"post","link":"https:\/\/df-nyt.dk\/blog\/islamofoben-geert-wilders-%c3%b8nsker-at-begr%c3%a6nse-ytringsfriheden-i-holland\/","title":{"rendered":"Islamofoben Geert Wilders \u00f8nsker at begr\u00e6nse ytringsfriheden i Holland"},"content":{"rendered":"<p><img loading=\"lazy\" decoding=\"async\" class=\"alignleft size-full \" title=\"190220111219\" src=\"https:\/\/df-nyt.dk\/\/wp-content\/uploads\/190220111219.png\" alt=\"\" width=\"256\" height=\"195\" \/><\/p>\n<p>Islamofoben Geert Wilders \u00f8nsker at begr\u00e6nse ytringsfriheden i Holland<br \/>\nHan forlanger at en karikatur af ham, offentliggjort p\u00e5 en radiostation&#8217;s hjemmeside, skal fjernes.<\/p>\n<p>Nyhedssider kunne fredag fort\u00e6lle om en ny tegneserie-mode, som er blussede op omkring Geert Wilders.<\/p>\n<p>Denne gang er det ikke karikaturer af profeten Muhammed, men af Wilders selv.<\/p>\n<p>Han portr\u00e6tterede nemlig som lejervagt p\u00e5 radiostationen, Varas<br \/>\nhjemmeside, hvor han sender en gruppe flygtninge til &#8220;bad&#8221;.<\/p>\n<p>Karikaturen blev vist p\u00e5 radiostationens side da Wilder havde foresl\u00e5et, at alle,<br \/>\nsom er til gene for det hollandske samfund b\u00f8r indesp\u00e6rres i lejre.<\/p>\n<p>Wilders er leder af Frihedspartiet, som har v\u00e6ret fortaler for ytringsfriheden,<br \/>\nnu g\u00f8r partiet en U-vending, og kr\u00e6ver, at illustrationen skal fjernes.<\/p>\n<p><img loading=\"lazy\" decoding=\"async\" class=\" \" src=\"https:\/\/df-nyt.dk\/\/wp-content\/uploads\/050820151110.png\" alt=\"050820151110\" width=\"399\" height=\"272\" \/><\/p>\n<p>Radiokanalen, har reageret med en opfordring til et kapl\u00f8b om at se,<br \/>\nhvem der kan tegne den bedste h\u00f8jreekstremistiske karikatur.<\/p>\n<p>Hvad resultatet vil blive er endnu uvist.<br \/>\nGeert Wilders efter Muhammed-hall\u00f8jet afbildet som en lejr vagt, hans nu kontroversielle videoer p\u00e5 internettet \/\/tegenstemwijzer.nl PVV\u00a0&#8211; &#8220;l\u00f8ber med guldet&#8221;.<br \/>\n\/\/tegenstemwijzer.nl\/&#8221; <\/p>\n<p>\u00bbHade tale\u00ab, siger Wilders.\u00a0&#8211;\u00a0&#8220;En n\u00f8gle til lyd&#8221; kalder initiativtagere det,<br \/>\n-de best\u00e5r af en gruppe, af filmproducenter og reklamefolk.<\/p>\n<p><iframe loading=\"lazy\" src=\"https:\/\/youtube.com\/embed\/FeuOeh_FvWk? \" width=\"400\" height=\"225\" frameborder=\"0\" allowfullscreen=\"allowfullscreen\"><\/iframe><\/p>\n<p>I en film, fort\u00e6ller en dreng lige ind i kameraet:<br \/>\n-Vi s\u00e6lger vores land til en Dj\u00e6vel ved navn Mohammed, og ingen g\u00f8r noget ved det.<\/p>\n<p>-Vi har et k\u00e6mpe problem med muslimer, siger et andet barn.<br \/>\nIslamofoben Geert Wilders er efter sigende rasende. Skriver den Hollandske Net-Avis de Gelderlander.nl<br \/>\n&nbsp;<\/p>\n","protected":false},"excerpt":{"rendered":"<p>Islamofoben Geert Wilders \u00f8nsker at begr\u00e6nse ytringsfriheden i Holland Han forlanger at en karikatur af ham, offentliggjort p\u00e5 en radiostation&#8217;s hjemmeside, skal fjernes. Nyhedssider kunne fredag fort\u00e6lle om en ny tegneserie-mode, som er blussede op omkring Geert Wilders. Denne gang er det ikke karikaturer af profeten Muhammed, men af Wilders selv. Han portr\u00e6tterede nemlig som [&hellip;]<\/p>\n","protected":false},"author":10,"featured_media":0,"comment_status":"open","ping_status":"closed","sticky":false,"template":"","format":"standard","meta":{"footnotes":""},"categories":[1],"tags":[],"class_list":["post-16815","post","type-post","status-publish","format-standard","hentry","category-df-nyt-dk"],"_links":{"self":[{"href":"https:\/\/df-nyt.dk\/blog\/wp-json\/wp\/v2\/posts\/16815","targetHints":{"allow":["GET"]}}],"collection":[{"href":"https:\/\/df-nyt.dk\/blog\/wp-json\/wp\/v2\/posts"}],"about":[{"href":"https:\/\/df-nyt.dk\/blog\/wp-json\/wp\/v2\/types\/post"}],"author":[{"embeddable":true,"href":"https:\/\/df-nyt.dk\/blog\/wp-json\/wp\/v2\/users\/10"}],"replies":[{"embeddable":true,"href":"https:\/\/df-nyt.dk\/blog\/wp-json\/wp\/v2\/comments?post=16815"}],"version-history":[{"count":5,"href":"https:\/\/df-nyt.dk\/blog\/wp-json\/wp\/v2\/posts\/16815\/revisions"}],"predecessor-version":[{"id":111143,"href":"https:\/\/df-nyt.dk\/blog\/wp-json\/wp\/v2\/posts\/16815\/revisions\/111143"}],"wp:attachment":[{"href":"https:\/\/df-nyt.dk\/blog\/wp-json\/wp\/v2\/media?parent=16815"}],"wp:term":[{"taxonomy":"category","embeddable":true,"href":"https:\/\/df-nyt.dk\/blog\/wp-json\/wp\/v2\/categories?post=16815"},{"taxonomy":"post_tag","embeddable":true,"href":"https:\/\/df-nyt.dk\/blog\/wp-json\/wp\/v2\/tags?post=16815"}],"curies":[{"name":"wp","href":"https:\/\/api.w.org\/{rel}","templated":true}]}}