{"id":16880,"date":"2011-02-21T11:13:54","date_gmt":"2011-02-21T10:13:54","guid":{"rendered":"http:\/\/df-nyt.dk\/?p=16880"},"modified":"2024-10-14T06:22:42","modified_gmt":"2024-10-14T04:22:42","slug":"ytringsfriheds-fork%c3%a6mperen-geert-wilders-vil-nu-lukke-hjemmesider","status":"publish","type":"post","link":"https:\/\/df-nyt.dk\/blog\/ytringsfriheds-fork%c3%a6mperen-geert-wilders-vil-nu-lukke-hjemmesider\/","title":{"rendered":"Ytringsfriheds-fork\u00e6mperen Geert Wilders vil nu lukke hjemmesider"},"content":{"rendered":"<p><img loading=\"lazy\" decoding=\"async\" class=\"alignnone size-full \" title=\"210220111104\" src=\"https:\/\/df-nyt.dk\/\/wp-content\/uploads\/210220111104.png\" alt=\"\" width=\"277\" height=\"159\" \/><\/p>\n<p>Ytringsfriheds-fork\u00e6mperen Geert Wilders vil nu lukke hjemmesider<\/p>\n<p>Han vil kontakte sin advokat mandag, skriver det hollandske nyhedsmedie <\/p>\n<p>-Og forts\u00e6tter<br \/>\nForleden dag var det en karikatur af sig selv, offentliggjort p\u00e5 en radiostations hjemmeside, som Geert Wilders ville have <a href=\"https:\/\/df-nyt.dk\/?p=16815\"> fjernet<\/a><\/p>\n<p>Den h\u00e5rdt pressede ytringsfriheds-fork\u00e6mper vil nu lukke parodi og satire hjemmesiden \/\/pvvhaaglanden.nl<\/p>\n<p>Den bringer flere lagkage-komik historier fra og om, partiet PVV og Geert Wilders.<\/p>\n<p>Geert Wilders syntes slet ikke det er morsomt.<br \/>\nP\u00e5 siden kan man f.eks. l\u00e6se, at Geert Wilders parti PVV, vil bygge et atomkraftv\u00e6rk p\u00e5 stranden i Scheveningen og \u00f8nsker de farlige tr\u00e6er p\u00e5 gaderne i Haag fjernet, fordi flere mennesker \u00e5rligt d\u00f8r n\u00e5r de k\u00f8rer deres bil ind i et tr\u00e6, samt at egyptiske gr\u00e6s g\u00e6s, truer de hollandske fordi de er meget aggressive.<\/p>\n<p>Wilders siger, at webstedet er virkelig helt falsk.<br \/>\nGeert Wilders angreb mod hjemmesiden, pvvhaaglanden.nl viser, at mange mennesker ikke kan se forskel p\u00e5 virkeligheden, og de luftige fantasier der kommer fra Geert Wilders og partiet PVV.<\/p>\n<p>Referance<br \/>\n Hjemmesiden \/\/trouw.nl \/nieuws\/nederland\/article3434064.ece\/Wilders_bespreekt_stappen_tegen_nep_PVV-site.<\/p>\n<p>For yderlig l\u00e6sning<br \/>\n<a href=\"https:\/\/df-nyt.dk\/?p=9052\" target=\"_blank\" rel=\"noopener noreferrer\"><span style=\"text-decoration: underline\">Tina Petersen: Sensur af v\u00e6rste skuffe<\/span><\/a><br \/>\n&nbsp;<br \/>\n<a href=\"https:\/\/df-nyt.dk\/?p=12789\" target=\"_blank\" rel=\"noopener noreferrer\"><span style=\"text-decoration: underline\">Dansk Folkeparti censur i medlemsblad<\/span><\/a><br \/>\n&nbsp;<br \/>\n<a href=\"https:\/\/df-nyt.dk\/?p=16815\" target=\"_blank\" rel=\"noopener noreferrer\"><span style=\"text-decoration: underline\">Islamofoben Geert Wilders \u00f8nsker at begr\u00e6nse ytringsfriheden i Holland<\/span><\/a><br \/>\n&nbsp;<br \/>\n<a href=\"https:\/\/df-nyt.dk\/?p=9142\" target=\"_blank\" rel=\"noopener noreferrer\"><span style=\"text-decoration: underline\">Liselott Blixt: Jeg vil hermed boycotte Dansk supermarked<\/span><\/a><br \/>\n&nbsp;<br \/>\n<a href=\"https:\/\/df-nyt.dk\/?p=16815\" target=\"_blank\" rel=\"noopener noreferrer\"><span style=\"text-decoration: underline\">Rachel Adelberg Johansen: Hvad bliver mon det n\u00e6ste, som en overnational myndighed som FN vil blande sig i? <\/span><\/a><br \/>\n&nbsp; <\/p>\n","protected":false},"excerpt":{"rendered":"<p>Ytringsfriheds-fork\u00e6mperen Geert Wilders vil nu lukke hjemmesider Han vil kontakte sin advokat mandag, skriver det hollandske nyhedsmedie -Og forts\u00e6tter Forleden dag var det en karikatur af sig selv, offentliggjort p\u00e5 en radiostations hjemmeside, som Geert Wilders ville have fjernet Den h\u00e5rdt pressede ytringsfriheds-fork\u00e6mper vil nu lukke parodi og satire hjemmesiden \/\/pvvhaaglanden.nl Den bringer flere lagkage-komik [&hellip;]<\/p>\n","protected":false},"author":10,"featured_media":0,"comment_status":"open","ping_status":"closed","sticky":false,"template":"","format":"standard","meta":{"footnotes":""},"categories":[1],"tags":[],"class_list":["post-16880","post","type-post","status-publish","format-standard","hentry","category-df-nyt-dk"],"_links":{"self":[{"href":"https:\/\/df-nyt.dk\/blog\/wp-json\/wp\/v2\/posts\/16880","targetHints":{"allow":["GET"]}}],"collection":[{"href":"https:\/\/df-nyt.dk\/blog\/wp-json\/wp\/v2\/posts"}],"about":[{"href":"https:\/\/df-nyt.dk\/blog\/wp-json\/wp\/v2\/types\/post"}],"author":[{"embeddable":true,"href":"https:\/\/df-nyt.dk\/blog\/wp-json\/wp\/v2\/users\/10"}],"replies":[{"embeddable":true,"href":"https:\/\/df-nyt.dk\/blog\/wp-json\/wp\/v2\/comments?post=16880"}],"version-history":[{"count":3,"href":"https:\/\/df-nyt.dk\/blog\/wp-json\/wp\/v2\/posts\/16880\/revisions"}],"predecessor-version":[{"id":105511,"href":"https:\/\/df-nyt.dk\/blog\/wp-json\/wp\/v2\/posts\/16880\/revisions\/105511"}],"wp:attachment":[{"href":"https:\/\/df-nyt.dk\/blog\/wp-json\/wp\/v2\/media?parent=16880"}],"wp:term":[{"taxonomy":"category","embeddable":true,"href":"https:\/\/df-nyt.dk\/blog\/wp-json\/wp\/v2\/categories?post=16880"},{"taxonomy":"post_tag","embeddable":true,"href":"https:\/\/df-nyt.dk\/blog\/wp-json\/wp\/v2\/tags?post=16880"}],"curies":[{"name":"wp","href":"https:\/\/api.w.org\/{rel}","templated":true}]}}