{"id":16983,"date":"2011-02-23T19:53:37","date_gmt":"2011-02-23T18:53:37","guid":{"rendered":"http:\/\/df-nyt.dk\/?p=16983"},"modified":"2018-04-17T22:22:18","modified_gmt":"2018-04-17T20:22:18","slug":"27-ars-f%c3%a6ngsel-for-krigsforbrydelser-i-kosovo-i-1999","status":"publish","type":"post","link":"https:\/\/df-nyt.dk\/blog\/27-ars-f%c3%a6ngsel-for-krigsforbrydelser-i-kosovo-i-1999\/","title":{"rendered":"27 \u00e5rs f\u00e6ngsel for krigsforbrydelser i Kosovo i 1999."},"content":{"rendered":"<p><strong>27 \u00e5rs f\u00e6ngsel for krigsforbrydelser i Kosovo i 1999.<\/strong><\/p>\n<p><strong><a href=\"https:\/\/df-nyt.dk\/blog\/wp-content\/uploads\/230220111950.png\"><img loading=\"lazy\" decoding=\"async\" class=\"alignleft size-full wp-image-16985\" title=\"230220111950\" src=\"https:\/\/df-nyt.dk\/blog\/wp-content\/uploads\/230220111950.png\" alt=\"\" width=\"125\" height=\"185\" \/><\/a><\/strong><\/p>\n<p>&nbsp;<\/p>\n<p>Den Internationale Krigsforbryderdomstol i Haag, Holland fandt den tidligere serbiske politigeneral og viceminister Vlastimir Djordjevic skyldig i mord p\u00e5 724 Kosovo-albanere.<\/p>\n<p>Vlastimir Djordjevic blev anholdt af politiet i Montenegro da han rejste fra Rusland, hvor han havde skjult sig ved at \u00e6ndre udsende og fort\u00e6lle at han var bygningsarbejder.<\/p>\n<p>Djordevic, blev f\u00f8dt i 1948, og var assisterende minister for det serbiske ministerium for indre anliggender og chef for Offentlig Sikkerhed fra 1997 til 2001.<\/p>\n<p>Han kommanderede de jugoslaviske styrker i Serbien og Kosovo og var anklaget for at d\u00e6kke over forbrydelser i den sammenh\u00e6ng.<\/p>\n<p>Han var ogs\u00e5 anklaget for forbrydelser beg\u00e5et i Kosovo mod etniske albanske civile i 1999, herunder deportation af cirka 850.000 kosovoalbanere, samt mordet p\u00e5 flere hundrede andre.<\/p>\n<p>Nogle af ofrene blev transporteret til hemmelige massegrave i Serbien. En af gravene er i forst\u00e6derne til Beograd.<\/p>\n<p>&#8220;Du d\u00f8mmes til 27 \u00e5rs f\u00e6ngsel,&#8221; sagde dommer Kevin Parker ved Den Internationale Krigsforbryderdomstol for det tidligere Jugoslavien til Djordjevic, som blev fundet skyldig i drab, forf\u00f8lgelser og deporteringer.<\/p>\n<p>Kosovo, var tidligere en serbisk provins, der udr\u00e5bte sig som en uafh\u00e6ngig stat i 2008.<\/p>\n<p>Milosevic-regimet i Beograd var p\u00e5 det tidspunkt involveret i en bitter konflikt med etnisk albanske opr\u00f8rere i den serbiske provins.<\/p>\n<p>Det er derfor ikke uden grund, hvis man sp\u00f8rger sig selv om, hvad foreg\u00e5r der i hovedet p\u00e5 mennesker, som p\u00e5 sin hjemmeside hylder en person som Ratko Mladic?<\/p>\n<p><a href=\"https:\/\/df-nyt.dk\/blog\/wp-content\/uploads\/230220111851.png\"><img loading=\"lazy\" decoding=\"async\" class=\"aligncenter size-full wp-image-16984\" title=\"230220111851\" src=\"https:\/\/df-nyt.dk\/blog\/wp-content\/uploads\/230220111851.png\" alt=\"\" width=\"432\" height=\"525\" srcset=\"https:\/\/df-nyt.dk\/blog\/wp-content\/uploads\/230220111851.png 432w, https:\/\/df-nyt.dk\/blog\/wp-content\/uploads\/230220111851-329x400.png 329w\" sizes=\"auto, (max-width: 432px) 100vw, 432px\" \/><\/a><\/p>\n<p><strong>L\u00e6s mere om SIAD\/SIOE&#8230;. \u00a0<a href=\"http:\/\/siadinfo.blogspot.com\/\" target=\"_blank\" rel=\"noopener\">HER<\/a><\/strong><\/p>\n<p><strong><a href=\"https:\/\/df-nyt.dk\/blog\/wp-content\/uploads\/120120111237.png\"><img loading=\"lazy\" decoding=\"async\" class=\"aligncenter size-full wp-image-14831\" title=\"120120111237\" src=\"https:\/\/df-nyt.dk\/blog\/wp-content\/uploads\/120120111237.png\" alt=\"\" width=\"352\" height=\"183\" \/><\/a><\/strong><\/p>\n<p><strong>Se ogs\u00e5:<\/strong><\/p>\n<p><a href=\"http:\/\/df-nyt.dk\/?p=9083\" target=\"_blank\" rel=\"noopener\"><span style=\"text-decoration: underline;\"><strong>En lille latterlig flok tilh\u00e6ngere af Anders Gravers &amp; Co. <\/strong><\/span><\/a><\/p>\n<p>&nbsp;<\/p>\n<p><a href=\"http:\/\/df-nyt.dk\/?p=14830\" target=\"_blank\" rel=\"noopener\"><span style=\"text-decoration: underline;\"><strong>Balladen med Westboro Baptist Church minder mig om SIOE\/Trykkefrihedsselskabet <\/strong><\/span><\/a><\/p>\n<p><strong>****************************<\/strong><\/p>\n<p>&nbsp;<\/p>\n","protected":false},"excerpt":{"rendered":"<p>27 \u00e5rs f\u00e6ngsel for krigsforbrydelser i Kosovo i 1999. &nbsp; Den Internationale Krigsforbryderdomstol i Haag, Holland fandt den tidligere serbiske politigeneral og viceminister Vlastimir Djordjevic skyldig i mord p\u00e5 724 Kosovo-albanere. Vlastimir Djordjevic blev anholdt af politiet i Montenegro da han rejste fra Rusland, hvor han havde skjult sig ved at \u00e6ndre udsende og fort\u00e6lle [&hellip;]<\/p>\n","protected":false},"author":10,"featured_media":0,"comment_status":"open","ping_status":"closed","sticky":false,"template":"","format":"standard","meta":{"footnotes":""},"categories":[1],"tags":[],"class_list":["post-16983","post","type-post","status-publish","format-standard","hentry","category-df-nyt-dk"],"_links":{"self":[{"href":"https:\/\/df-nyt.dk\/blog\/wp-json\/wp\/v2\/posts\/16983","targetHints":{"allow":["GET"]}}],"collection":[{"href":"https:\/\/df-nyt.dk\/blog\/wp-json\/wp\/v2\/posts"}],"about":[{"href":"https:\/\/df-nyt.dk\/blog\/wp-json\/wp\/v2\/types\/post"}],"author":[{"embeddable":true,"href":"https:\/\/df-nyt.dk\/blog\/wp-json\/wp\/v2\/users\/10"}],"replies":[{"embeddable":true,"href":"https:\/\/df-nyt.dk\/blog\/wp-json\/wp\/v2\/comments?post=16983"}],"version-history":[{"count":2,"href":"https:\/\/df-nyt.dk\/blog\/wp-json\/wp\/v2\/posts\/16983\/revisions"}],"predecessor-version":[{"id":96581,"href":"https:\/\/df-nyt.dk\/blog\/wp-json\/wp\/v2\/posts\/16983\/revisions\/96581"}],"wp:attachment":[{"href":"https:\/\/df-nyt.dk\/blog\/wp-json\/wp\/v2\/media?parent=16983"}],"wp:term":[{"taxonomy":"category","embeddable":true,"href":"https:\/\/df-nyt.dk\/blog\/wp-json\/wp\/v2\/categories?post=16983"},{"taxonomy":"post_tag","embeddable":true,"href":"https:\/\/df-nyt.dk\/blog\/wp-json\/wp\/v2\/tags?post=16983"}],"curies":[{"name":"wp","href":"https:\/\/api.w.org\/{rel}","templated":true}]}}