{"id":17019,"date":"2011-02-24T13:04:57","date_gmt":"2011-02-24T12:04:57","guid":{"rendered":"http:\/\/df-nyt.dk\/?p=17019"},"modified":"2026-01-06T06:46:11","modified_gmt":"2026-01-06T05:46:11","slug":"udvid-psykologordning-til-alle-med-depression","status":"publish","type":"post","link":"https:\/\/df-nyt.dk\/blog\/udvid-psykologordning-til-alle-med-depression\/","title":{"rendered":"Udvid psykologordning til alle med depression"},"content":{"rendered":"<p><img loading=\"lazy\" decoding=\"async\" class=\"size-full alignleft\" title=\"281020101421\" src=\"https:\/\/df-nyt.dk\/blog\/wp-content\/uploads\/281020101421.png\" alt=\"\" width=\"141\" height=\"50\" \/><\/p>\n<p>Radikale Venstre har l\u00e6nge ment, at man b\u00f8r udvide psykologordningen til mennesker med depression, der i dag kun g\u00e6lder for mennesker mellem 18 og 37 \u00e5r.<br \/>\nSkriver de radikale i sin pressemeddelelse<\/p>\n<p>&#8211;\u00a0Og forts\u00e6tter.<br \/>\nSet i lyset af, at der for tiden forhandles f\u00f8rtidspensionsreform med fokus p\u00e5 at begr\u00e6nse tilgangen til f\u00f8rtidspension, er dette kun endnu mere n\u00f8dvendigt.<\/p>\n<p>Nye beregninger fra Danske Regioner viser, at det oven i k\u00f8bet er en rigtig god forretning rent samfunds\u00f8konomisk.<\/p>\n<p>&#8220;En investering i psykiatrien er en helt n\u00f8dvendig foruds\u00e6tning, hvis man vil g\u00f8re sig h\u00e5b om en succesfuld f\u00f8rtidspensionsreform.<\/p>\n<p>Det er utopisk at tro, at vi f\u00e5r brudt den udvikling, hvor flere og flere tilkendes f\u00f8rtidspension ved psykisk lidelse, hvis vi ikke s\u00f8rger for, at der er de rette og helt n\u00f8dvendige behandlingstilbud.<\/p>\n<p>Det oven i k\u00f8bet en god investering. Som p\u00e5 andre omr\u00e5der kan tidlig indsats betale sig,&#8221; siger psykiatriordf\u00f8rer for Radikale Venstre, Anne Marie Geisler Andersen.<\/p>\n<p>En udvidelse af ordningen er imidlertid ikke kun en god ide af hensyn til behandlingen af den enkelte.<\/p>\n<p>Danske Regioner har regnet sig frem til, at en udvidelse af ordningen, der koster i omegnen af 160 mio. kr., vil medf\u00f8re en samfundsm\u00e6ssig gevinst p\u00e5 800 mio. kr.<\/p>\n<p>Gevinsten skyldes blandt andet, at mennesker med lettere depressioner hurtigt kommer tilbage p\u00e5 arbejde igen frem for at v\u00e6re sygemeldte.<\/p>\n<p>&#8220;Jeg har l\u00e6nge k\u00e6mpet for en udvidelse af psykologordningen. Aldersgr\u00e6nsen er b\u00e5de diskriminerende og uden fagligt bel\u00e6g. Alle, der rammes af depression, b\u00f8r kunne f\u00e5 den n\u00f8dvendige hj\u00e6lp.<\/p>\n<p>For de lettere depressioner er psykologbehandling if\u00f8lge eksperter oftest den bedste l\u00f8sning, men som det er i dag, er medicin imidlertid eneste mulighed for mennesker over 37 \u00e5r.<\/p>\n<p>Det er problematisk. Ikke alle \u00f8nsker at tage medicin, hvorfor mange g\u00e5r ubehandlede.<\/p>\n<p>Desuden kan man via psykologbehandling f\u00e5 redskaber til at forebygge nye sygdomsperioder uden de bivirkninger, der kan v\u00e6re ved medicin,&#8221; siger Anne Marie Geisler Andersen. If\u00f8lge en pressemeddelse fra de Radikale.<\/p>\n<p>Du kan l\u00e6se flere nyheder&#8230;\u00a0\u00a0<a href=\"http:\/\/www.radikale.dk\/\" target=\"_blank\" rel=\"noopener\"><span style=\"text-decoration: underline;\"><strong>Radikale<\/strong><\/span><\/a><br \/>\n****************<\/p>\n","protected":false},"excerpt":{"rendered":"<p>Radikale Venstre har l\u00e6nge ment, at man b\u00f8r udvide psykologordningen til mennesker med depression, der i dag kun g\u00e6lder for mennesker mellem 18 og 37 \u00e5r. Skriver de radikale i sin pressemeddelelse &#8211;\u00a0Og forts\u00e6tter. Set i lyset af, at der for tiden forhandles f\u00f8rtidspensionsreform med fokus p\u00e5 at begr\u00e6nse tilgangen til f\u00f8rtidspension, er dette kun [&hellip;]<\/p>\n","protected":false},"author":10,"featured_media":0,"comment_status":"open","ping_status":"closed","sticky":false,"template":"","format":"standard","meta":{"footnotes":""},"categories":[1],"tags":[],"class_list":["post-17019","post","type-post","status-publish","format-standard","hentry","category-df-nyt-dk"],"_links":{"self":[{"href":"https:\/\/df-nyt.dk\/blog\/wp-json\/wp\/v2\/posts\/17019","targetHints":{"allow":["GET"]}}],"collection":[{"href":"https:\/\/df-nyt.dk\/blog\/wp-json\/wp\/v2\/posts"}],"about":[{"href":"https:\/\/df-nyt.dk\/blog\/wp-json\/wp\/v2\/types\/post"}],"author":[{"embeddable":true,"href":"https:\/\/df-nyt.dk\/blog\/wp-json\/wp\/v2\/users\/10"}],"replies":[{"embeddable":true,"href":"https:\/\/df-nyt.dk\/blog\/wp-json\/wp\/v2\/comments?post=17019"}],"version-history":[{"count":3,"href":"https:\/\/df-nyt.dk\/blog\/wp-json\/wp\/v2\/posts\/17019\/revisions"}],"predecessor-version":[{"id":110890,"href":"https:\/\/df-nyt.dk\/blog\/wp-json\/wp\/v2\/posts\/17019\/revisions\/110890"}],"wp:attachment":[{"href":"https:\/\/df-nyt.dk\/blog\/wp-json\/wp\/v2\/media?parent=17019"}],"wp:term":[{"taxonomy":"category","embeddable":true,"href":"https:\/\/df-nyt.dk\/blog\/wp-json\/wp\/v2\/categories?post=17019"},{"taxonomy":"post_tag","embeddable":true,"href":"https:\/\/df-nyt.dk\/blog\/wp-json\/wp\/v2\/tags?post=17019"}],"curies":[{"name":"wp","href":"https:\/\/api.w.org\/{rel}","templated":true}]}}