{"id":17024,"date":"2011-02-24T14:05:48","date_gmt":"2011-02-24T13:05:48","guid":{"rendered":"http:\/\/df-nyt.dk\/?p=17024"},"modified":"2016-05-16T09:00:24","modified_gmt":"2016-05-16T07:00:24","slug":"sf-sikrer-flertal-for-abenhed-i-pensionssektoren","status":"publish","type":"post","link":"https:\/\/df-nyt.dk\/blog\/sf-sikrer-flertal-for-abenhed-i-pensionssektoren\/","title":{"rendered":"SF sikrer flertal for \u00e5benhed i pensionssektoren"},"content":{"rendered":"<p><strong><a href=\"https:\/\/df-nyt.dk\/blog\/wp-content\/uploads\/240220111404.png\"><img loading=\"lazy\" decoding=\"async\" class=\"alignleft size-full wp-image-17025\" title=\"240220111404\" src=\"https:\/\/df-nyt.dk\/blog\/wp-content\/uploads\/240220111404.png\" alt=\"\" width=\"275\" height=\"221\" \/><\/a><\/strong><\/p>\n<p><strong>Et flertal i Folketinget bakker op om SF\u2019s krav om \u00e5benhed i pensionssektoren og p\u00e5l\u00e6gger branchen fuld \u00e5benhed om tallene.<\/strong><\/p>\n<p>Det sker p\u00e5 dagens erhvervsudvalgsm\u00f8de.<\/p>\n<p>Branchen skal inden august selv finde en l\u00f8sning, ellers vil regeringen freml\u00e6gge et lovforslag i n\u00e6ste folketingssamling<\/p>\n<p>\u2013 Jeg er utrolig glad for, at vi har skaffet flertal for, at danskerne nu kan f\u00e5 indblik i deres pensionsordninger.<\/p>\n<p>De f\u00e6rreste kan i dag gennemskue deres pensionsordninger og opdager ikke branchens skjulte gebyrer og omkostninger.<\/p>\n<p>Derfor skal vi skabe gennemsigtighed med klare, sammenlignelige tal, siger Pia Olsen Dyhr, SF\u2019s forbrugerordf\u00f8rer.<\/p>\n<p>&#8211; Hver dansker kan spare helt op mod 300.000 kr. ved at v\u00e6lge den rigtige pensionsordning i l\u00f8bet af livet.<\/p>\n<p>Derfor skal man selvf\u00f8lgelig kunne f\u00e5 oplyst prisen p\u00e5 pensionsordningen inden, man tegner pensionen, siger Pia Olsen Dyhr.<\/p>\n<p>SF mener, der skal indf\u00f8res oplysningspligt om simple n\u00f8gletal for prisen p\u00e5 at spare op til pension.<\/p>\n<p>S\u00e5 kan danskerne nemt se, hvad deres pension koster og om en anden pensionsordning er billigere.<\/p>\n<p>\u2013 Branchen har til august til at finde en l\u00f8sning for, hvordan vi sikrer gennemsigtighed.<\/p>\n<p>G\u00f8r de det ikke godt nok, vil regeringen \u2013 forh\u00e5bentlig en S-SF-regering \u2013 freml\u00e6gge et lovforslag i n\u00e6ste folketingssamling, s\u00e5 danskerne reelt f\u00e5r mulighed for at kunne gennemskue deres pensionsordninger, siger Pia Olsen Dyhr. If\u00f8lge en pressemeddelse fra SF<\/p>\n<p><strong>Du kan l\u00e6se flere nyheder &#8230;HER <\/strong><\/p>\n<p><strong>************************************************************************ <\/strong><\/p>\n","protected":false},"excerpt":{"rendered":"<p>Et flertal i Folketinget bakker op om SF\u2019s krav om \u00e5benhed i pensionssektoren og p\u00e5l\u00e6gger branchen fuld \u00e5benhed om tallene. Det sker p\u00e5 dagens erhvervsudvalgsm\u00f8de. Branchen skal inden august selv finde en l\u00f8sning, ellers vil regeringen freml\u00e6gge et lovforslag i n\u00e6ste folketingssamling \u2013 Jeg er utrolig glad for, at vi har skaffet flertal for, at [&hellip;]<\/p>\n","protected":false},"author":10,"featured_media":0,"comment_status":"open","ping_status":"closed","sticky":false,"template":"","format":"standard","meta":{"footnotes":""},"categories":[1],"tags":[],"class_list":["post-17024","post","type-post","status-publish","format-standard","hentry","category-df-nyt-dk"],"_links":{"self":[{"href":"https:\/\/df-nyt.dk\/blog\/wp-json\/wp\/v2\/posts\/17024","targetHints":{"allow":["GET"]}}],"collection":[{"href":"https:\/\/df-nyt.dk\/blog\/wp-json\/wp\/v2\/posts"}],"about":[{"href":"https:\/\/df-nyt.dk\/blog\/wp-json\/wp\/v2\/types\/post"}],"author":[{"embeddable":true,"href":"https:\/\/df-nyt.dk\/blog\/wp-json\/wp\/v2\/users\/10"}],"replies":[{"embeddable":true,"href":"https:\/\/df-nyt.dk\/blog\/wp-json\/wp\/v2\/comments?post=17024"}],"version-history":[{"count":0,"href":"https:\/\/df-nyt.dk\/blog\/wp-json\/wp\/v2\/posts\/17024\/revisions"}],"wp:attachment":[{"href":"https:\/\/df-nyt.dk\/blog\/wp-json\/wp\/v2\/media?parent=17024"}],"wp:term":[{"taxonomy":"category","embeddable":true,"href":"https:\/\/df-nyt.dk\/blog\/wp-json\/wp\/v2\/categories?post=17024"},{"taxonomy":"post_tag","embeddable":true,"href":"https:\/\/df-nyt.dk\/blog\/wp-json\/wp\/v2\/tags?post=17024"}],"curies":[{"name":"wp","href":"https:\/\/api.w.org\/{rel}","templated":true}]}}