{"id":17049,"date":"2011-02-25T02:46:42","date_gmt":"2011-02-25T01:46:42","guid":{"rendered":"http:\/\/df-nyt.dk\/?p=17049"},"modified":"2024-11-03T21:40:02","modified_gmt":"2024-11-03T20:40:02","slug":"annelise-rasmussen-der-er-intet-personale-til-at-pleje-dem","status":"publish","type":"post","link":"https:\/\/df-nyt.dk\/blog\/annelise-rasmussen-der-er-intet-personale-til-at-pleje-dem\/","title":{"rendered":"Annelise Rasmussen: Der er intet personale til at pleje dem!"},"content":{"rendered":"<p>Annelise Rasmussen: Der er intet personale til at pleje dem!<\/p>\n<p><img loading=\"lazy\" decoding=\"async\" src=\"https:\/\/df-nyt.dk\/wp-content\/uploads\/250220110147.png\" alt=\"\" width=\"400\" height=\"271\" class=\"alignnone  size-medium \" \/><\/p>\n<p>Billedet er et Screenshots fra profileName-ginormousProfileName-fwb-Annelise-Rasmussens offentlige Facebook-v\u00e6g. <\/p>\n<p>Artiklen som Annelise Rasmussen linker til<br \/>\n-Hospicer modtager d\u00f8ende patienter fra hospitalerne, som ikke er vaskede eller har f\u00e5et klippet h\u00e5r og negle. Uv\u00e6rdigt og beklageligt, lyder reaktionerne.<\/p>\n<p><img loading=\"lazy\" decoding=\"async\" src=\"https:\/\/df-nyt.dk\/wp-content\/uploads\/240220112015.png\" alt=\"\" width=\"150\" height=\"150\" class=\"alignnone size-thumbnail \" \/><\/p>\n<p>Ja -Det er s\u00f8rgeligt som vi kan se en specifik samfunds -og v\u00e6lger gruppe blive svigtet s\u00e5 skammeligt af politikere, som aldrig selv svigter en mulighed for at markedsf\u00f8re sig overfor \u00e6lder mennesker n\u00e5r de har brug for deres stemmer.<\/p>\n<p>Man ser det hver eneste gang der der er lagt op til et valg,<br \/>\n-det v\u00e6rre sig et til et kommunalvalg eller et folketingsvalg.<\/p>\n<p>Der bliver givet h\u00e5ndtryk, delt smil ud -og der bliver nejet.<br \/>\nNogle gange bliver der ogs\u00e5 sk\u00e6nket kaffe.<br \/>\n&nbsp;<br \/>\nMen<br \/>\nN\u00e5r valget er overst\u00e5et, -s\u00e5 bliver der delt skattelettelser ud til de mest velhavende<br \/>\n-til dem der har de h\u00f8jeste indkomster.<\/p>\n<p><img loading=\"lazy\" decoding=\"async\" src=\"https:\/\/df-nyt.dk\/wp-content\/uploads\/250220110234.png\" alt=\"\" width=\"150\" height=\"150\" class=\"alignnone \" \/><\/p>\n<p>Og det beh\u00f8ver man ikke undre sig s\u00e5 meget over n\u00e5r man ved, at det ofte er i den indkomstgruppe man kan finde de selv-samme politikere som har vedtaget at give skatte-lettelserne.<\/p>\n<p>Vi ser ogs\u00e5 op til valgene at enkelte partier ligefrem reklamere med \u00e6lder mennesker p\u00e5 deres plakater.<\/p>\n<p>Jeg kan da godt forst\u00e5, hvis der er v\u00e6lgere som f\u00f8ler sig meget skuffede.<br \/>\n&nbsp;<\/p>\n<p>Reference<br \/>\nScreenshots fra profileName-ginormousProfileName-fwb-Annelise-Rasmussens-offentlige-Facebook-v\u00e6g<\/p>\n<p>For yderlig l\u00e6sning<\/p>\n<p><a href=\"https:\/\/df-nyt.dk\/?p=5309\/\" target=\"_blank\" rel=\"noopener noreferrer\"><span style=\"text-decoration: underline;\">Sm\u00e5 og store plattenslagere <\/span><\/a><br \/>\n&nbsp;<br \/>\n<a href=\"https:\/\/df-nyt.dk\/?p=5115\/\" target=\"_blank\" rel=\"noopener noreferrer\"><span style=\"text-decoration: underline;\">11 l\u00e6rere fyret p\u00e5 parkeringsplads <\/span><\/a><br \/>\n&nbsp;<br \/>\n<a href=\"https:\/\/df-nyt.dk\/?p=14289\/\" target=\"_blank\" rel=\"noopener noreferrer\"><span style=\"text-decoration: underline;\">Vi har ikke r\u00e5d til efterl\u00f8n, Vi har ikke r\u00e5d til \u00e6ldrebyrden, Vi har \u2026<\/span><\/a><br \/>\n&nbsp;<br \/>\n<a href=\"https:\/\/df-nyt.dk\/?p=16641\/\" target=\"_blank\" rel=\"noopener noreferrer\"><span style=\"text-decoration: underline\">Poul Erik Andersen: De sidste idioter er \u00e5benbart ikke d\u00f8de endnu<\/span><\/a><br \/>\n&nbsp;<\/p>\n","protected":false},"excerpt":{"rendered":"<p>Annelise Rasmussen: Der er intet personale til at pleje dem! Billedet er et Screenshots fra profileName-ginormousProfileName-fwb-Annelise-Rasmussens offentlige Facebook-v\u00e6g. Artiklen som Annelise Rasmussen linker til -Hospicer modtager d\u00f8ende patienter fra hospitalerne, som ikke er vaskede eller har f\u00e5et klippet h\u00e5r og negle. Uv\u00e6rdigt og beklageligt, lyder reaktionerne. Ja -Det er s\u00f8rgeligt som vi kan se en [&hellip;]<\/p>\n","protected":false},"author":10,"featured_media":0,"comment_status":"open","ping_status":"closed","sticky":false,"template":"","format":"standard","meta":{"footnotes":""},"categories":[1],"tags":[],"class_list":["post-17049","post","type-post","status-publish","format-standard","hentry","category-df-nyt-dk"],"_links":{"self":[{"href":"https:\/\/df-nyt.dk\/blog\/wp-json\/wp\/v2\/posts\/17049","targetHints":{"allow":["GET"]}}],"collection":[{"href":"https:\/\/df-nyt.dk\/blog\/wp-json\/wp\/v2\/posts"}],"about":[{"href":"https:\/\/df-nyt.dk\/blog\/wp-json\/wp\/v2\/types\/post"}],"author":[{"embeddable":true,"href":"https:\/\/df-nyt.dk\/blog\/wp-json\/wp\/v2\/users\/10"}],"replies":[{"embeddable":true,"href":"https:\/\/df-nyt.dk\/blog\/wp-json\/wp\/v2\/comments?post=17049"}],"version-history":[{"count":5,"href":"https:\/\/df-nyt.dk\/blog\/wp-json\/wp\/v2\/posts\/17049\/revisions"}],"predecessor-version":[{"id":104184,"href":"https:\/\/df-nyt.dk\/blog\/wp-json\/wp\/v2\/posts\/17049\/revisions\/104184"}],"wp:attachment":[{"href":"https:\/\/df-nyt.dk\/blog\/wp-json\/wp\/v2\/media?parent=17049"}],"wp:term":[{"taxonomy":"category","embeddable":true,"href":"https:\/\/df-nyt.dk\/blog\/wp-json\/wp\/v2\/categories?post=17049"},{"taxonomy":"post_tag","embeddable":true,"href":"https:\/\/df-nyt.dk\/blog\/wp-json\/wp\/v2\/tags?post=17049"}],"curies":[{"name":"wp","href":"https:\/\/api.w.org\/{rel}","templated":true}]}}