{"id":17090,"date":"2011-02-25T14:34:11","date_gmt":"2011-02-25T13:34:11","guid":{"rendered":"http:\/\/df-nyt.dk\/?p=17090"},"modified":"2025-07-17T20:58:24","modified_gmt":"2025-07-17T18:58:24","slug":"alvorlige-trusler-mod-radiostation-efter-karikatur","status":"publish","type":"post","link":"https:\/\/df-nyt.dk\/blog\/alvorlige-trusler-mod-radiostation-efter-karikatur\/","title":{"rendered":"Alvorlige trusler mod radiostation efter Karikatur"},"content":{"rendered":"<p>Efter offentligg\u00f8relsen af en tegning har radiostationen Vaara modtaget flere alvorlige trusler.<br \/>\nDen hollandske radiostation fjerne nu karikaturen af Geert Wilders.<br \/>\nTil Netmediet Expo fort\u00e6ller Francisco van Jole, redakt\u00f8r p\u00e5 Vaara, at Geert Wilders startede op med at opfordre til en boykot af radiostationens programmer.<br \/>\n\/\/expo.se\/2011\/allvarliga-hot-mot-radiokanal-efter-wilderskarikatyr_3758.html&#8221;<\/p>\n<p>Derefter fik han &#8211; og flere medarbejdere alvorlige trusler, som bet\u00f8d, at de ikke kunne leve et normalt liv l\u00e6ngere.<br \/>\n<img loading=\"lazy\" decoding=\"async\" class=\"alignleft size-full \" title=\"190220111323\" src=\"https:\/\/df-nyt.dk\/\/wp-content\/uploads\/190220111323.png\" alt=\"\" width=\"187\" height=\"262\" \/><\/p>\n<p>Tegningen,som forestiller den hollandske partileder Geert Wilders, har v\u00e6ret en del omtalt.<\/p>\n<p>S\u00e5ledes har\u00a0f.eks. Rune Engelbreth, skrevet en artikel p\u00e5 dagbladet Politiken, med overskriften: Geert Wilders vil censurere Wilders-karikatur <a href=\"http:\/\/humanisme.dk\/engelbreth11\/e110217.php\"><span style=\"text-decoration: underline;\">-Den kan du l\u00e6se HER<\/span><\/a><\/p>\n<p>Karikaturen \/\u00a0 Billedet viser en uniformeret kl\u00e6dt Wilders bev\u00e6bnet med en k\u00e6p og pistol, og som sender en gruppe mennesker i &#8220;bad&#8221;.<\/p>\n<p>Karikaturen blev offentliggjort p\u00e5 radiostationens hjemmeside, p\u00e5 et tidspunkt da Wilders havde foresl\u00e5et, at alle, som er til gene for det hollandske samfund b\u00f8r indesp\u00e6rres i lejre.<\/p>\n<p>Karikaturen har ligget p\u00e5 radiostationens hjemmeside i to uger.<br \/>\nWilders er blevet kendt som fortaler ytringsfriheden, alt imedens han sagde, at Koranen skulle forbydes.<\/p>\n<p>Han er i \u00f8jeblikket, i en retssag, anklaget for at opfordre til had mod muslimer.<br \/>\nTidligere har Wilders f\u00e5et medieomtale ved at genudgive karikaturtegninger af profeten Muhammed.<\/p>\n<p>Reference<br \/>\nHjemmesiden, \/\/humanisme.dk<br \/>\nHjemmesiden,<br \/>\n\/\/expo.se \/\/allvarliga-hot-mot-radiokanal-efter-wilderskarikatyr<br \/>\n\/\/expo.se\/2011\/allvarliga-hot-mot-radiokanal-efter-wilderskarikatyr_3758.html&#8221;<\/p>\n<p>For yderlig l\u00e6sning<\/p>\n<p><a href=\"https:\/\/df-nyt.dk\/?p=16880  \/\"rel=\"noreferrer nofollow\"><span style=\"text-decoration: underline;\">Ytringsfriheds-fork\u00e6mperen Geert Wilders vil nu lukke hjemmesider<\/span><\/a><br \/>\n&nbsp;<br \/>\n<a href=\"https:\/\/df-nyt.dk\/?p=17132  \/\"rel=\"noreferrer nofollow\"><span style=\"text-decoration: underline;\">SIOA er en Hate Group p\u00e5 samme liste som Ku Klux Klan og neo-nazister<\/span><\/a><br \/>\n&nbsp;<br \/>\n<img loading=\"lazy\" decoding=\"async\" class=\"alignnone size-full \" title=\"260220111328\" src=\"https:\/\/df-nyt.dk\/\/wp-content\/uploads\/260220111328.png\" alt=\"\" width=\"481\" height=\"132\" \/>  <\/p>\n","protected":false},"excerpt":{"rendered":"<p>Efter offentligg\u00f8relsen af en tegning har radiostationen Vaara modtaget flere alvorlige trusler. Den hollandske radiostation fjerne nu karikaturen af Geert Wilders. Til Netmediet Expo fort\u00e6ller Francisco van Jole, redakt\u00f8r p\u00e5 Vaara, at Geert Wilders startede op med at opfordre til en boykot af radiostationens programmer. \/\/expo.se\/2011\/allvarliga-hot-mot-radiokanal-efter-wilderskarikatyr_3758.html&#8221; Derefter fik han &#8211; og flere medarbejdere alvorlige trusler, [&hellip;]<\/p>\n","protected":false},"author":10,"featured_media":0,"comment_status":"open","ping_status":"closed","sticky":false,"template":"","format":"standard","meta":{"footnotes":""},"categories":[1],"tags":[],"class_list":["post-17090","post","type-post","status-publish","format-standard","hentry","category-df-nyt-dk"],"_links":{"self":[{"href":"https:\/\/df-nyt.dk\/blog\/wp-json\/wp\/v2\/posts\/17090","targetHints":{"allow":["GET"]}}],"collection":[{"href":"https:\/\/df-nyt.dk\/blog\/wp-json\/wp\/v2\/posts"}],"about":[{"href":"https:\/\/df-nyt.dk\/blog\/wp-json\/wp\/v2\/types\/post"}],"author":[{"embeddable":true,"href":"https:\/\/df-nyt.dk\/blog\/wp-json\/wp\/v2\/users\/10"}],"replies":[{"embeddable":true,"href":"https:\/\/df-nyt.dk\/blog\/wp-json\/wp\/v2\/comments?post=17090"}],"version-history":[{"count":3,"href":"https:\/\/df-nyt.dk\/blog\/wp-json\/wp\/v2\/posts\/17090\/revisions"}],"predecessor-version":[{"id":109159,"href":"https:\/\/df-nyt.dk\/blog\/wp-json\/wp\/v2\/posts\/17090\/revisions\/109159"}],"wp:attachment":[{"href":"https:\/\/df-nyt.dk\/blog\/wp-json\/wp\/v2\/media?parent=17090"}],"wp:term":[{"taxonomy":"category","embeddable":true,"href":"https:\/\/df-nyt.dk\/blog\/wp-json\/wp\/v2\/categories?post=17090"},{"taxonomy":"post_tag","embeddable":true,"href":"https:\/\/df-nyt.dk\/blog\/wp-json\/wp\/v2\/tags?post=17090"}],"curies":[{"name":"wp","href":"https:\/\/api.w.org\/{rel}","templated":true}]}}