{"id":17143,"date":"2011-02-26T14:35:22","date_gmt":"2011-02-26T13:35:22","guid":{"rendered":"http:\/\/df-nyt.dk\/?p=17143"},"modified":"2025-06-25T03:39:50","modified_gmt":"2025-06-25T01:39:50","slug":"tilliden-til-birthe-ronn-er-vaek","status":"publish","type":"post","link":"https:\/\/df-nyt.dk\/blog\/tilliden-til-birthe-ronn-er-vaek\/","title":{"rendered":"Tilliden til Birthe R\u00f8nn er v\u00e6k"},"content":{"rendered":"<p>Margrethes pressemeddelelse <\/p>\n<h2>Tilliden til Birthe R\u00f8nn er v\u00e6k<\/h2>\n<p>Margrethe Vestager 26-feb-2011<br \/>\nModtaget pr. E.mail.<br \/>\nVerden er vendt p\u00e5 hovedet. Mens den arabiske befolkning k\u00e6mper for de grundl\u00e6ggende menneskerettigheder, k\u00e6mper Birthe R\u00f8nn Hornbech og Dansk Folkeparti for, at vi skal overtr\u00e6de dem og melde os ud af FN-konventioner.<\/p>\n<p>Sagen handler naturligvis om de mange, mange b\u00f8rn, som ikke f\u00e5et det statsborgerskab i Danmark, som de har ret til. Sandsynligvis drejer det sig om 400-500 mennesker. Sagen har udviklet sig de seneste dage, men allerede i sidste uge meldte ministeren ud, at hun ville finde de 400-500 mennesker og rette op p\u00e5 fejlen. Som hun selv sagde: Hun &#8220;besindede sig&#8221;.Besindede sig?Ministeren antyder, at hun egentlig havde t\u00e6nkt sig, at fejlen skulle forts\u00e6tte. Og dermed ogs\u00e5, at fejlen ikke er en fejl, men en politisk beslutning.<\/p>\n<p>At det nu viser sig, at Birthe R\u00f8nn faktisk havde kendt til fejlen i lang, lang tid g\u00f8r sagen s\u00e5 grum, at ingen kan have tillid til, at hun kan forvalte sit ministerium mere. Derfor b\u00f8r Birthe R\u00f8nn Hornb\u00e6k g\u00e5 af.<\/p>\n<p>Det undrer mig, at Liberal Alliance stadig kan have tillid til en minister, der i over et \u00e5r har haft kendskab til, at der var en ulovlig praksis i sit eget ministerium. En minister, der har ladet fejlene forts\u00e6tte uden at g\u00f8re noget.<\/p>\n<p>En gennemgang af sagen viser, at regeringen mindst otte gange i forbindelse med blandt andet lov\u00e6ndringer udtrykkeligt har n\u00e6vnt den FN-konvention, som skal sikre statsl\u00f8se den ret til dansk statsborgerskab, som de siden 2002 er blevet n\u00e6gtet.<\/p>\n<p>For mig tyder det p\u00e5 \u00e9n ting: At disse b\u00f8rn og unges ret er blevet ofret p\u00e5 Dansk Folkepartis alter. Igen. Jeg tror ikke p\u00e5, at det er en fejl. At det skyldes ukendskab. At det er embedsm\u00e6ndenes skyld. Det er politik, n\u00e5r det er v\u00e6rst: N\u00e5r retten ofres for magtens skyld.<\/p>\n<p>Denne sag er netop en konkret kamp for grundl\u00e6ggende v\u00e6rdier: At statsl\u00f8se b\u00f8rn og unge bliver borgere &#8211; statsborgere. De har ret til det. Og vi andre har et fuldt berettiget krav om at vide, hvad der er sket &#8211; vi skal jo l\u00e6re af det og forhindre, at det sker igen.<\/p>\n<p>Derfor skal et nyt flertal efter valget g\u00f8re to ting:<\/p>\n<p>For det f\u00f8rste f\u00e5 unders\u00f8gt, hvad der er sket med de statsl\u00f8se b\u00f8rn og unges retskrav. Det skal frem i lyset, s\u00e5 vi kan f\u00e5 rettet op p\u00e5 de fejl, der er beg\u00e5et.<\/p>\n<p>For det andet give et stort mindretal mulighed for at f\u00e5 unders\u00f8gt sager af lignende karakter. Det skal v\u00e6re en integreret del af Folketingets mulighed for kontrol af regeringen, at den kan ses efter i kortene. Ogs\u00e5 n\u00e5r den ikke vil.<\/p>\n<p>FN-konventioner er ikke noget fjernt, teknisk noget. Det er den lov og ret, som verdens lande er blevet enige om. Og i dette konkrete tilf\u00e6lde handler det om statsl\u00f8se b\u00f8rn og unges ret til at blive statsborgere i det land, hvor de e r f\u00f8dt. De er ikke mange i Danmark. De er ikke en trussel for nogen. De har krav p\u00e5 deres ret. De har krav p\u00e5 et sted at f\u00f8le sig hjemme.<\/p>\n<p>Tilliden mellem befolkningen og folkestyret skal genoprettes. Ingen m\u00e5 tvivle p\u00e5 de hensigter, som ministre og embedsm\u00e6nd l\u00e6gger til grund for deres forvaltning.<\/p>\n<p>Venlig hilsen<br \/>\n<em>Margrethe Vestager<\/em><br \/>\n\/\/www.radikale.dk\/\/public\/upload\/Billeder\/mv_signatur.png&#8221;<br \/>\n\/\/www.radikale.dk\/CMS\/forside04.aspx?SiteID=1&#8243;<br \/>\nL\u00e6s flere nyheder &#8230;DER<\/p>\n","protected":false},"excerpt":{"rendered":"<p>Margrethes pressemeddelelse Tilliden til Birthe R\u00f8nn er v\u00e6k Margrethe Vestager 26-feb-2011 Modtaget pr. E.mail. Verden er vendt p\u00e5 hovedet. Mens den arabiske befolkning k\u00e6mper for de grundl\u00e6ggende menneskerettigheder, k\u00e6mper Birthe R\u00f8nn Hornbech og Dansk Folkeparti for, at vi skal overtr\u00e6de dem og melde os ud af FN-konventioner. Sagen handler naturligvis om de mange, mange b\u00f8rn, [&hellip;]<\/p>\n","protected":false},"author":10,"featured_media":0,"comment_status":"open","ping_status":"closed","sticky":false,"template":"","format":"standard","meta":{"footnotes":""},"categories":[1],"tags":[],"class_list":["post-17143","post","type-post","status-publish","format-standard","hentry","category-df-nyt-dk"],"_links":{"self":[{"href":"https:\/\/df-nyt.dk\/blog\/wp-json\/wp\/v2\/posts\/17143","targetHints":{"allow":["GET"]}}],"collection":[{"href":"https:\/\/df-nyt.dk\/blog\/wp-json\/wp\/v2\/posts"}],"about":[{"href":"https:\/\/df-nyt.dk\/blog\/wp-json\/wp\/v2\/types\/post"}],"author":[{"embeddable":true,"href":"https:\/\/df-nyt.dk\/blog\/wp-json\/wp\/v2\/users\/10"}],"replies":[{"embeddable":true,"href":"https:\/\/df-nyt.dk\/blog\/wp-json\/wp\/v2\/comments?post=17143"}],"version-history":[{"count":6,"href":"https:\/\/df-nyt.dk\/blog\/wp-json\/wp\/v2\/posts\/17143\/revisions"}],"predecessor-version":[{"id":108197,"href":"https:\/\/df-nyt.dk\/blog\/wp-json\/wp\/v2\/posts\/17143\/revisions\/108197"}],"wp:attachment":[{"href":"https:\/\/df-nyt.dk\/blog\/wp-json\/wp\/v2\/media?parent=17143"}],"wp:term":[{"taxonomy":"category","embeddable":true,"href":"https:\/\/df-nyt.dk\/blog\/wp-json\/wp\/v2\/categories?post=17143"},{"taxonomy":"post_tag","embeddable":true,"href":"https:\/\/df-nyt.dk\/blog\/wp-json\/wp\/v2\/tags?post=17143"}],"curies":[{"name":"wp","href":"https:\/\/api.w.org\/{rel}","templated":true}]}}