{"id":17152,"date":"2011-02-26T16:13:34","date_gmt":"2011-02-26T15:13:34","guid":{"rendered":"http:\/\/df-nyt.dk\/?p=17152"},"modified":"2025-07-17T19:45:15","modified_gmt":"2025-07-17T17:45:15","slug":"han-naede-ikke-at-fa-sin-f%c3%b8rtidspension","status":"publish","type":"post","link":"https:\/\/df-nyt.dk\/blog\/han-naede-ikke-at-fa-sin-f%c3%b8rtidspension\/","title":{"rendered":"Han n\u00e5ede ikke at f\u00e5 sin f\u00f8rtidspension"},"content":{"rendered":"<p><img loading=\"lazy\" decoding=\"async\" src=\"https:\/\/df-nyt.dk\/wp-content\/uploads\/260220111611.png\" alt=\"\" width=\"262\" height=\"226\" class=\"alignleft size-full \" \/><br \/>\n&nbsp;<br \/>\n&#8211; P\u00e5 tirsdag begraves han i Lunde Kirke \u2013 det er den 1. marts, den dag, han skulle have v\u00e6ret f\u00f8rtidspensionist.<\/p>\n<p>Slidgigten efter et langt arbejdsliv var slem nok.<br \/>\nDet blev v\u00e6rre, meget v\u00e6rre, da han ogs\u00e5 fik kr\u00e6ft.<\/p>\n<p>Samtidig skulle han bruge mange af sine stadigt f\u00e6rre kr\u00e6fter til at sl\u00e5s med Jobcenter og kommune.<\/p>\n<p>For sit eksistensgrundlag \u2013for at bevare sine sygedagpenge og allerhelst f\u00e5 en f\u00f8rtidspension.<\/p>\n<p>Flere gange fik han afslag p\u00e5 f\u00f8rtidspension.<br \/>\nIndtil denne m\u00e5ned.<\/p>\n<p>Endelig fik han den tilkendt \u2013 f\u00f8rtidspension fra den 1. marts.<br \/>\nDen dag skal han begraves.<\/p>\n<p>Den 58-\u00e5rige Finn Hytteballe Andersen vandt til sidst retten til en f\u00f8rtidspension.<br \/>\nMen han tabte kampen for livet.<br \/>\nHan d\u00f8de for tre dage siden \u2013 den 23. februar. Skriver Frede Jakobsen p\u00e5 Svendborg NetAvis<br \/>\n\/\/svendborgsnetavis.dk\/han-naede-ikke-at-fa-sin-f%C3%B8rtidspension\/&#8221; <\/p>\n<p>Reference<br \/>\nsvendborgsnetavis.dk<br \/>\n\/\/svendborgsnetavis.dk\/han-naede-ikke-at-fa-sin-f\u00f8rtidspension\/<\/p>\n<p>For yderlig l\u00e6sning<\/p>\n<p>&nbsp;<br \/>\n<a href=\"https:\/\/df-nyt.dk\/?p=10793\/\"><span style=\"text-decoration: underline;\">P\u00e5 jobs\u00f8gningskursus med livet som indsats<\/span><\/a><br \/>\n&nbsp;<br \/>\n<a href=\"https:\/\/df-nyt.dk\/?p=11642\/\"><span style=\"text-decoration: underline\">Fiasko for privat jobcenter<\/span><\/a><br \/>\n&nbsp;<br \/>\n<a href=\"https:\/\/df-nyt.dk\/?p=12495\/\" target=\"_blank\" rel=\"noopener noreferrer\"><span style=\"text-decoration: underline\">Firma med flere kasketter hyret af Jobcenter<\/span><\/a><br \/>\n&nbsp;<\/p>\n","protected":false},"excerpt":{"rendered":"<p>&nbsp; &#8211; P\u00e5 tirsdag begraves han i Lunde Kirke \u2013 det er den 1. marts, den dag, han skulle have v\u00e6ret f\u00f8rtidspensionist. Slidgigten efter et langt arbejdsliv var slem nok. Det blev v\u00e6rre, meget v\u00e6rre, da han ogs\u00e5 fik kr\u00e6ft. Samtidig skulle han bruge mange af sine stadigt f\u00e6rre kr\u00e6fter til at sl\u00e5s med Jobcenter [&hellip;]<\/p>\n","protected":false},"author":10,"featured_media":0,"comment_status":"open","ping_status":"closed","sticky":false,"template":"","format":"standard","meta":{"footnotes":""},"categories":[1],"tags":[],"class_list":["post-17152","post","type-post","status-publish","format-standard","hentry","category-df-nyt-dk"],"_links":{"self":[{"href":"https:\/\/df-nyt.dk\/blog\/wp-json\/wp\/v2\/posts\/17152","targetHints":{"allow":["GET"]}}],"collection":[{"href":"https:\/\/df-nyt.dk\/blog\/wp-json\/wp\/v2\/posts"}],"about":[{"href":"https:\/\/df-nyt.dk\/blog\/wp-json\/wp\/v2\/types\/post"}],"author":[{"embeddable":true,"href":"https:\/\/df-nyt.dk\/blog\/wp-json\/wp\/v2\/users\/10"}],"replies":[{"embeddable":true,"href":"https:\/\/df-nyt.dk\/blog\/wp-json\/wp\/v2\/comments?post=17152"}],"version-history":[{"count":3,"href":"https:\/\/df-nyt.dk\/blog\/wp-json\/wp\/v2\/posts\/17152\/revisions"}],"predecessor-version":[{"id":109142,"href":"https:\/\/df-nyt.dk\/blog\/wp-json\/wp\/v2\/posts\/17152\/revisions\/109142"}],"wp:attachment":[{"href":"https:\/\/df-nyt.dk\/blog\/wp-json\/wp\/v2\/media?parent=17152"}],"wp:term":[{"taxonomy":"category","embeddable":true,"href":"https:\/\/df-nyt.dk\/blog\/wp-json\/wp\/v2\/categories?post=17152"},{"taxonomy":"post_tag","embeddable":true,"href":"https:\/\/df-nyt.dk\/blog\/wp-json\/wp\/v2\/tags?post=17152"}],"curies":[{"name":"wp","href":"https:\/\/api.w.org\/{rel}","templated":true}]}}