{"id":17193,"date":"2011-02-27T12:44:21","date_gmt":"2011-02-27T11:44:21","guid":{"rendered":"http:\/\/df-nyt.dk\/?p=17193"},"modified":"2025-08-13T20:54:45","modified_gmt":"2025-08-13T18:54:45","slug":"religi%c3%b8se-ledere-finder-faelles-fodslag","status":"publish","type":"post","link":"https:\/\/df-nyt.dk\/blog\/religi%c3%b8se-ledere-finder-faelles-fodslag\/","title":{"rendered":"Religi\u00f8se ledere finder f\u00e6lles fodslag"},"content":{"rendered":"<p><img loading=\"lazy\" decoding=\"async\" class=\"alignleft \" title=\"270220111242\" src=\"https:\/\/df-nyt.dk\/\/wp-content\/uploads\/270220111242.png\" alt=\"\" width=\"248\" height=\"171\" \/><\/p>\n<p>&nbsp;<br \/>\nReligi\u00f8se ledere finder f\u00e6lles fodslag<br \/>\nDet er snart FN&#8217;s internationale dag mod racisme. I den forbindelse iv\u00e6rks\u00e6ttes der en tv\u00e6rreligi\u00f8s kampagne mod religi\u00f8s chikane.<\/p>\n<p>Tilbage i 2008 var der en f\u00e6llesartikel i Politiken af Bashy Quraishy &amp; Bent Melchier.<\/p>\n<p>Overskriften var \u00bbBro mellem j\u00f8der og muslimer\u00ab.<br \/>\nArtiklen beskrev en konference om j\u00f8disk-muslimsk dialog i Bruxelles, som Bashy Quraishy havde taget intitativ til.<\/p>\n<p>Politiken 17. mar. 2008: Bro mellem j\u00f8der og muslimer<br \/>\n\u00c5ret efter gik Muslimernes F\u00e6llesr\u00e5d og Mosaiks Trossamfund sammen i en f\u00e6lles kampagne: \u00bbAntisemitisme og islamofobi ikke i vores by\u00ab.<\/p>\n<p>Dette skete i forbindelse med FN\u00b4s internationale dag mod racisme 21. marts.<\/p>\n<p>DR 13. mar. 2009: Muslimer og j\u00f8der i f\u00e6lles kamp mod racisme<br \/>\nFrem til nutiden. Den 21 marts n\u00e6rmer sig. De to parter har t\u00e6nkt sig at gentage succesen, denne gang sammen med K\u00f8benhavns biskop Peter Skov-Jakobsen.<\/p>\n<p>Berlingske har en artikel om kampagnen, hvor biskoppen siger:<br \/>\n\u00bbJ\u00f8dedom, islam og kristendom er religioner med f\u00e6lles r\u00f8dder.<br \/>\nOg n\u00e5r roden er den samme, m\u00e5 de n\u00f8dvendigvis kunne trives og vokse side om side.<br \/>\nVi m\u00e5 ikke lade gadens demokrati definere forholdet mellem troende fra forskellige traditioner,\u00ab<\/p>\n<p>Tyg lidt p\u00e5 d\u00e9n, Langballe!<\/p>\n<p>Skriver Kasper Hviid p\u00e5   <a href=\"https:\/\/p77.dk:80\/blogs\/kasper-hviid\/439-religiose-ledere-finder-faelles-fodslag\" target=\"_blank\" rel=\"noopener noreferrer\"><span style=\"text-decoration: underline;\">Netavisen, P77.dk<\/span><\/a><\/p>\n<p>Reference<br \/>\n<a href=\"https:\/\/p77.dk:80\/blogs\/kasper-hviid\/439-religiose-ledere-finder-faelles-fodslag\" target=\"_blank\" rel=\"noopener noreferrer\">\/\/p77.dk\/blogs\/kasper-hviid\/439-religiose-ledere-finder-faelles-fodslag<\/a><\/p>\n<p>For yderlig l\u00e6sning<\/p>\n<p><a href=\"https:\/\/df-nyt.dk\/?p=16641\" target=\"_blank\" rel=\"noopener noreferrer\"><span style=\"text-decoration: underline;\">Poul Erik Andersen: &#8216;De sidste idioter er \u00e5benbart ikke d\u00f8de endnu&#8217;<\/span><\/a><br \/>\n&nbsp;<br \/>\n<a href=\"https:\/\/df-nyt.dk\/bertel-haarder-det-er-laerernes-skyld\/\" target=\"_blank\" rel=\"noopener noreferrer\"><span style=\"text-decoration: underline;\">Rachel Adelberg Johansen er du en kylling? <\/span><\/a><br \/>\n&nbsp;<\/p>\n","protected":false},"excerpt":{"rendered":"<p>&nbsp; Religi\u00f8se ledere finder f\u00e6lles fodslag Det er snart FN&#8217;s internationale dag mod racisme. I den forbindelse iv\u00e6rks\u00e6ttes der en tv\u00e6rreligi\u00f8s kampagne mod religi\u00f8s chikane. Tilbage i 2008 var der en f\u00e6llesartikel i Politiken af Bashy Quraishy &amp; Bent Melchier. Overskriften var \u00bbBro mellem j\u00f8der og muslimer\u00ab. Artiklen beskrev en konference om j\u00f8disk-muslimsk dialog i [&hellip;]<\/p>\n","protected":false},"author":10,"featured_media":0,"comment_status":"open","ping_status":"closed","sticky":false,"template":"","format":"standard","meta":{"footnotes":""},"categories":[1],"tags":[],"class_list":["post-17193","post","type-post","status-publish","format-standard","hentry","category-df-nyt-dk"],"_links":{"self":[{"href":"https:\/\/df-nyt.dk\/blog\/wp-json\/wp\/v2\/posts\/17193","targetHints":{"allow":["GET"]}}],"collection":[{"href":"https:\/\/df-nyt.dk\/blog\/wp-json\/wp\/v2\/posts"}],"about":[{"href":"https:\/\/df-nyt.dk\/blog\/wp-json\/wp\/v2\/types\/post"}],"author":[{"embeddable":true,"href":"https:\/\/df-nyt.dk\/blog\/wp-json\/wp\/v2\/users\/10"}],"replies":[{"embeddable":true,"href":"https:\/\/df-nyt.dk\/blog\/wp-json\/wp\/v2\/comments?post=17193"}],"version-history":[{"count":5,"href":"https:\/\/df-nyt.dk\/blog\/wp-json\/wp\/v2\/posts\/17193\/revisions"}],"predecessor-version":[{"id":109792,"href":"https:\/\/df-nyt.dk\/blog\/wp-json\/wp\/v2\/posts\/17193\/revisions\/109792"}],"wp:attachment":[{"href":"https:\/\/df-nyt.dk\/blog\/wp-json\/wp\/v2\/media?parent=17193"}],"wp:term":[{"taxonomy":"category","embeddable":true,"href":"https:\/\/df-nyt.dk\/blog\/wp-json\/wp\/v2\/categories?post=17193"},{"taxonomy":"post_tag","embeddable":true,"href":"https:\/\/df-nyt.dk\/blog\/wp-json\/wp\/v2\/tags?post=17193"}],"curies":[{"name":"wp","href":"https:\/\/api.w.org\/{rel}","templated":true}]}}