{"id":17228,"date":"2011-02-28T10:58:10","date_gmt":"2011-02-28T09:58:10","guid":{"rendered":"http:\/\/df-nyt.dk\/?p=17228"},"modified":"2024-11-25T16:18:08","modified_gmt":"2024-11-25T15:18:08","slug":"sf-foreslar-gaeldsradgivning-til-studerende","status":"publish","type":"post","link":"https:\/\/df-nyt.dk\/blog\/sf-foreslar-gaeldsradgivning-til-studerende\/","title":{"rendered":"SF foresl\u00e5r g\u00e6ldsr\u00e5dgivning til studerende."},"content":{"rendered":"<p><img loading=\"lazy\" decoding=\"async\" class=\"alignleft size-full \" title=\"280220111056\" src=\"https:\/\/df-nyt.dk\/\/wp-content\/uploads\/280220111056.png\" alt=\"\" width=\"276\" height=\"213\" \/><br \/>\nVed de kommende SU-forhandlinger vil SF bringe et nyt tema op i forhandlingerne. Studerende skal tilbydes g\u00e6ldsr\u00e5dgivning, n\u00e5r de optager studiel\u00e5n.<\/p>\n<p>SF\u2019s SU-ordf\u00f8rer, Nanna Westerby, foresl\u00e5r at der gives tilbud om samtale ved optagelse af studiel\u00e5n, og foresl\u00e5r, at der generelt s\u00e6ttes mere fokus p\u00e5 tilbagebetalingen af SU-l\u00e5n. Skriver SF i sin pressemeddelelse<\/p>\n<p>-Og forts\u00e6tter<br \/>\n&#8211; Der skal tilbydes r\u00e5dgivning ved optagelse af l\u00e5net.<br \/>\nN\u00e5r en studerende har l\u00e5n, skal der hvert \u00e5r komme et brev med en opg\u00f8relse over l\u00e5net, modeller for hvor lang tid det kan tage at betale tilbage til forskellige rater samt et tilbud om en samtale med r\u00e5dgivning, siger Nanna Westerby.<\/p>\n<p>&#8211; Systemet med, Min SU, b\u00f8r ogs\u00e5 kunne lave automatiske elektroniske beregninger p\u00e5 fremskrivninger af l\u00e5net n\u00e5r det s\u00f8ges, siger Nanna Westerby, som forventer at kredsen bag SU-forliget kan blive enige om bedre r\u00e5dgivning til de unge med SU-l\u00e5n, Skriver SF i pressemeddelelsen.<\/p>\n<p>For yderlig l\u00e6sning<\/p>\n<p><a href=\"http:\/\/sf.dk\/\" target=\"_blank\" rel=\"noopener noreferrer\"><u>Se seneste nyt fra SF <\/u><\/a><br \/>\n&nbsp;<br \/>\n<a href=\"http:\/\/greens-efa.eu\/\" target=\"_blank\" rel=\"noopener noreferrer; noreferrer\"><span style=\"text-decoration underline\"><u>Se den Gr\u00f8nne gruppe i parlamentet her<\/u><\/span><\/a><br \/>\n&nbsp;<\/p>\n","protected":false},"excerpt":{"rendered":"<p>Ved de kommende SU-forhandlinger vil SF bringe et nyt tema op i forhandlingerne. Studerende skal tilbydes g\u00e6ldsr\u00e5dgivning, n\u00e5r de optager studiel\u00e5n. SF\u2019s SU-ordf\u00f8rer, Nanna Westerby, foresl\u00e5r at der gives tilbud om samtale ved optagelse af studiel\u00e5n, og foresl\u00e5r, at der generelt s\u00e6ttes mere fokus p\u00e5 tilbagebetalingen af SU-l\u00e5n. Skriver SF i sin pressemeddelelse -Og forts\u00e6tter [&hellip;]<\/p>\n","protected":false},"author":10,"featured_media":0,"comment_status":"open","ping_status":"closed","sticky":false,"template":"","format":"standard","meta":{"footnotes":""},"categories":[1],"tags":[],"class_list":["post-17228","post","type-post","status-publish","format-standard","hentry","category-df-nyt-dk"],"_links":{"self":[{"href":"https:\/\/df-nyt.dk\/blog\/wp-json\/wp\/v2\/posts\/17228","targetHints":{"allow":["GET"]}}],"collection":[{"href":"https:\/\/df-nyt.dk\/blog\/wp-json\/wp\/v2\/posts"}],"about":[{"href":"https:\/\/df-nyt.dk\/blog\/wp-json\/wp\/v2\/types\/post"}],"author":[{"embeddable":true,"href":"https:\/\/df-nyt.dk\/blog\/wp-json\/wp\/v2\/users\/10"}],"replies":[{"embeddable":true,"href":"https:\/\/df-nyt.dk\/blog\/wp-json\/wp\/v2\/comments?post=17228"}],"version-history":[{"count":2,"href":"https:\/\/df-nyt.dk\/blog\/wp-json\/wp\/v2\/posts\/17228\/revisions"}],"predecessor-version":[{"id":107072,"href":"https:\/\/df-nyt.dk\/blog\/wp-json\/wp\/v2\/posts\/17228\/revisions\/107072"}],"wp:attachment":[{"href":"https:\/\/df-nyt.dk\/blog\/wp-json\/wp\/v2\/media?parent=17228"}],"wp:term":[{"taxonomy":"category","embeddable":true,"href":"https:\/\/df-nyt.dk\/blog\/wp-json\/wp\/v2\/categories?post=17228"},{"taxonomy":"post_tag","embeddable":true,"href":"https:\/\/df-nyt.dk\/blog\/wp-json\/wp\/v2\/tags?post=17228"}],"curies":[{"name":"wp","href":"https:\/\/api.w.org\/{rel}","templated":true}]}}