{"id":17232,"date":"2011-02-28T11:05:13","date_gmt":"2011-02-28T10:05:13","guid":{"rendered":"http:\/\/df-nyt.dk\/?p=17232"},"modified":"2024-11-21T13:07:09","modified_gmt":"2024-11-21T12:07:09","slug":"sf-susanne-biers-oscar-beviser-behovet-for-nytaenkende-kulturstotte","status":"publish","type":"post","link":"https:\/\/df-nyt.dk\/blog\/sf-susanne-biers-oscar-beviser-behovet-for-nytaenkende-kulturstotte\/","title":{"rendered":"SF: Susanne Biers Oscar beviser behovet for nyt\u00e6nkende kulturst\u00f8tte"},"content":{"rendered":"<p><img loading=\"lazy\" decoding=\"async\" class=\"alignleft size-full \" title=\"280220111104\" src=\"https:\/\/df-nyt.dk\/\/wp-content\/uploads\/280220111104.png\" alt=\"\" width=\"277\" height=\"205\" \/> <\/p>\n<p>Film Fyns succes understreger, at man med innovativ erhvervs- og kulturst\u00f8tte kan skabe v\u00e6kst uden for K\u00f8benhavn. Skriver SF i sin pressemeddelelse <\/p>\n<p>\u2013 og fors\u00e6tter<br \/>\n&#8211; Susanne Biers Oscar er selvf\u00f8lgelig f\u00f8rst og fremmest hendes sejr, men ogs\u00e5 en sejr for et mellemkommunalt kultur- og erhvervsprojekt som Film Fyn, siger Pernille Frahm, SFs kulturordf\u00f8rer.<\/p>\n<p>Siden 2001 har Svendborg, Faaborg-Midtfyn, Langeland og \u00c6r\u00f8 Kommunes engagement i Film Fyn forbundet regional filmproduktion og det lokale erhvervsliv.<\/p>\n<p>Flere af dansk films store succeser er optaget p\u00e5 Fyn med st\u00f8tte fra Film Fyn, bl.a. Adams \u00c6bler og De Gr\u00f8nne Slagtere, og det understreger, at kultur skal v\u00e6re en arbejdende og udviklende del af det lokale samfund.<\/p>\n<p>&#8211; Film Fyn har vist de har fat i talentmassen, men nu skal de lokale politikere vise modet til at satse p\u00e5 en regional erhvervsprofil, der vil brande Fyn som Danmarks Hollywood.<\/p>\n<p>Vi mangler opbakningen til at sikre en fast produktion, s\u00e5 man kan fastholde og videreudvikle lokale talenter, siger Pernille Frahm, if\u00f8lge pressemeddelelsen fra SF.<\/p>\n<p>For yderlig l\u00e6sning<\/p>\n<p><a href=\"http:\/\/sf.dk\/\" target=\"_blank\" rel=\"noopener noreferrer\"><span style=\"text-decoration: underline\">Seneste nyt fra SF<\/span><\/a><br \/>\n&nbsp;<br \/>\n<a href=\"http:\/\/greens-efa.eu\/\" target=\"_blank\" rel=\"noopener noreferrer\"><span style=\"text-decoration: underline\">Se den Gr\u00f8nne gruppe i parlamentet her<\/span><\/a><br \/>\n&nbsp;<\/p>\n","protected":false},"excerpt":{"rendered":"<p>Film Fyns succes understreger, at man med innovativ erhvervs- og kulturst\u00f8tte kan skabe v\u00e6kst uden for K\u00f8benhavn. Skriver SF i sin pressemeddelelse \u2013 og fors\u00e6tter &#8211; Susanne Biers Oscar er selvf\u00f8lgelig f\u00f8rst og fremmest hendes sejr, men ogs\u00e5 en sejr for et mellemkommunalt kultur- og erhvervsprojekt som Film Fyn, siger Pernille Frahm, SFs kulturordf\u00f8rer. Siden [&hellip;]<\/p>\n","protected":false},"author":10,"featured_media":0,"comment_status":"open","ping_status":"closed","sticky":false,"template":"","format":"standard","meta":{"footnotes":""},"categories":[1],"tags":[],"class_list":["post-17232","post","type-post","status-publish","format-standard","hentry","category-df-nyt-dk"],"_links":{"self":[{"href":"https:\/\/df-nyt.dk\/blog\/wp-json\/wp\/v2\/posts\/17232","targetHints":{"allow":["GET"]}}],"collection":[{"href":"https:\/\/df-nyt.dk\/blog\/wp-json\/wp\/v2\/posts"}],"about":[{"href":"https:\/\/df-nyt.dk\/blog\/wp-json\/wp\/v2\/types\/post"}],"author":[{"embeddable":true,"href":"https:\/\/df-nyt.dk\/blog\/wp-json\/wp\/v2\/users\/10"}],"replies":[{"embeddable":true,"href":"https:\/\/df-nyt.dk\/blog\/wp-json\/wp\/v2\/comments?post=17232"}],"version-history":[{"count":2,"href":"https:\/\/df-nyt.dk\/blog\/wp-json\/wp\/v2\/posts\/17232\/revisions"}],"predecessor-version":[{"id":106948,"href":"https:\/\/df-nyt.dk\/blog\/wp-json\/wp\/v2\/posts\/17232\/revisions\/106948"}],"wp:attachment":[{"href":"https:\/\/df-nyt.dk\/blog\/wp-json\/wp\/v2\/media?parent=17232"}],"wp:term":[{"taxonomy":"category","embeddable":true,"href":"https:\/\/df-nyt.dk\/blog\/wp-json\/wp\/v2\/categories?post=17232"},{"taxonomy":"post_tag","embeddable":true,"href":"https:\/\/df-nyt.dk\/blog\/wp-json\/wp\/v2\/tags?post=17232"}],"curies":[{"name":"wp","href":"https:\/\/api.w.org\/{rel}","templated":true}]}}